{"id":9666,"date":"2024-10-01T00:33:35","date_gmt":"2024-10-01T07:33:35","guid":{"rendered":"https:\/\/elreporterodelacomunidad.com\/?p=9666"},"modified":"2024-10-01T00:33:37","modified_gmt":"2024-10-01T07:33:37","slug":"recibe-el-mando-de-la-sedena-el-general-ricardo-trevilla-trejo-y-el-de-la-semar-el-almirante-raymundo-pedro-morales","status":"publish","type":"post","link":"https:\/\/elreporterodelacomunidad.com\/index.php\/2024\/10\/01\/recibe-el-mando-de-la-sedena-el-general-ricardo-trevilla-trejo-y-el-de-la-semar-el-almirante-raymundo-pedro-morales\/","title":{"rendered":"Recibe el mando de la Sedena el General Ricardo Trevilla Trejo y el de la Semar el Almirante Raymundo Pedro Morales."},"content":{"rendered":"\n<p>Ciudad de M\u00e9xico a 01 de octubre del 2024.- El general Luis Cresencio Sandoval Gonz\u00e1lez entreg\u00f3 la estafeta al general Ricardo Trevilla Trejo como titular de la Secretar\u00eda de la Defensa Nacional (Sedena) en la plaza de maniobras del Heroico Colegio Militar.<\/p>\n\n\n\n<p>En la ceremonia, los generales Sandoval Gonz\u00e1lez y Trevilla Trejo firmaron el acta administrativa de la entrega-recepci\u00f3n del cargo de secretario de la Defensa.<\/p>\n\n\n\n<p>Posteriormente, Sandoval Gonz\u00e1lez coloc\u00f3 el nuevo tocado de cuatro estrellas a Trevilla Trejo como alto mando de la Sedena.<\/p>\n\n\n\n<p>En su discurso el nuevo titular de la Sedena y de la Guardia Nacional (GN) dijo que inicia el Plan de Consolidaci\u00f3n de la GN que contempla la integraci\u00f3n total de esta Fuerza a la Secretar\u00eda de la Defensa Nacional.<\/p>\n\n\n\n<p>\u201cRespecto a la seguridad y el progreso de M\u00e9xico, en concordancia con el Eje Rector de Fortalecimiento de la Guardia Nacional, establecido por la doctora Claudia Sheinbaum y de conformidad al Decreto de Reforma Constitucional en materia de Guardia Nacional publicado en el Diario Oficial de la Federaci\u00f3n el 30 de septiembre de 2024, a partir de esta fecha inicia el Plan de Consolidaci\u00f3n de la Guardia Nacional que contempla la integraci\u00f3n total de esta Fuerza a la Secretar\u00eda de la Defensa Nacional.<\/p>\n\n\n\n<p>\u201cSeguiremos siendo un aliado estrat\u00e9gico en el desarrollo de infraestructura y proyectos prioritarios del Gobierno Federal, con total honestidad y rendici\u00f3n de cuentas. No habr\u00e1 impunidad a quien se aleje de estos preceptos\u201d, asever\u00f3 el nuevo titular de la Sedena ante cientos de uniformados.<\/p>\n\n\n\n<p>En relaci\u00f3n al bienestar de los soldados, guardias nacionales y sus familias, dijo que recibi\u00f3 instrucciones precisas de la Presidenta y Comandante Suprema para gestionar el incremento de percepciones para el personal militar, en principio para los oficiales subalternos y tropa, quienes representan el grueso del Instituto Armado y realizan el esfuerzo principal para el cumplimiento de las misiones.<\/p>\n\n\n\n<p>\u201cEn el mismo sentido, buscaremos el constante mejoramiento de las percepciones y prestaciones sociales de todo el personal militar para brindar a sus familias condiciones de vida y oportunidades dignas que retribuyan el gran trabajo que realizan en beneficio de la Naci\u00f3n\u201d, subray\u00f3.<\/p>\n\n\n\n<p>El secretario de la Defensa Nacional, agreg\u00f3 que los soldados de M\u00e9xico le reconocen al general Sandoval Gonz\u00e1lez la toma de decisiones firmes, concretas y oportunas, pero sobre todo institucionales procurando siempre el bienestar de los mexicanos, de las Fuerzas Armadas de tierra y aire, de sus integrantes y sus familias.<\/p>\n\n\n\n<p>\u201cEntrega la Instituci\u00f3n en condiciones de cumplir cabalmente las instrucciones que gire nuestra comandante suprema, tambi\u00e9n es preciso destacar y reconocer su enorme contribuci\u00f3n en la creaci\u00f3n y organizaci\u00f3n de la Guardia Nacional, importante Instituci\u00f3n que el d\u00eda de hoy se integra por completo a esta Secretar\u00eda, lo que facilitar\u00e1 su consolidaci\u00f3n como Fuerza Armada permanente al aprovechar nuestra s\u00f3lida infraestructura.<\/p>\n\n\n\n<p>\u201cPor todo ello le agradezco de antemano en lo personal y a nombre de los soldados de tierra y aire y de la Guardia Nacional todo el esfuerzo que realiz\u00f3 en estos seis a\u00f1os de arduo trabajo, le deseo que en esta nueva traves\u00eda que est\u00e1 por comenzar acompa\u00f1ado de su respetable familia, siga por el sendero del \u00e9xito y la felicidad, siempre contar\u00e1 con nuestra admiraci\u00f3n y respeto\u201d, enfatiz\u00f3.<\/p>\n\n\n\n<p>Mientras que el Almirante Jos\u00e9 Rafael Ojeda entreg\u00f3 el mando de la Marina al Almirante Raymundo Pedro Morales.<\/p>\n","protected":false},"excerpt":{"rendered":"<p>Ciudad de M\u00e9xico a 01 de octubre del 2024.- El general Luis Cresencio Sandoval Gonz\u00e1lez entreg\u00f3 la estafeta al general Ricardo Trevilla Trejo como titular de la Secretar\u00eda de la Defensa Nacional (Sedena) en la plaza de maniobras del Heroico Colegio Militar. En la ceremonia, los generales Sandoval Gonz\u00e1lez y Trevilla Trejo firmaron el acta [&hellip;]<\/p>\n","protected":false},"author":1,"featured_media":9667,"comment_status":"open","ping_status":"open","sticky":false,"template":"","format":"standard","meta":{"footnotes":""},"categories":[28],"tags":[],"class_list":["post-9666","post","type-post","status-publish","format-standard","has-post-thumbnail","hentry","category-nacional"],"_links":{"self":[{"href":"https:\/\/elreporterodelacomunidad.com\/index.php\/wp-json\/wp\/v2\/posts\/9666","targetHints":{"allow":["GET"]}}],"collection":[{"href":"https:\/\/elreporterodelacomunidad.com\/index.php\/wp-json\/wp\/v2\/posts"}],"about":[{"href":"https:\/\/elreporterodelacomunidad.com\/index.php\/wp-json\/wp\/v2\/types\/post"}],"author":[{"embeddable":true,"href":"https:\/\/elreporterodelacomunidad.com\/index.php\/wp-json\/wp\/v2\/users\/1"}],"replies":[{"embeddable":true,"href":"https:\/\/elreporterodelacomunidad.com\/index.php\/wp-json\/wp\/v2\/comments?post=9666"}],"version-history":[{"count":1,"href":"https:\/\/elreporterodelacomunidad.com\/index.php\/wp-json\/wp\/v2\/posts\/9666\/revisions"}],"predecessor-version":[{"id":9668,"href":"https:\/\/elreporterodelacomunidad.com\/index.php\/wp-json\/wp\/v2\/posts\/9666\/revisions\/9668"}],"wp:featuredmedia":[{"embeddable":true,"href":"https:\/\/elreporterodelacomunidad.com\/index.php\/wp-json\/wp\/v2\/media\/9667"}],"wp:attachment":[{"href":"https:\/\/elreporterodelacomunidad.com\/index.php\/wp-json\/wp\/v2\/media?parent=9666"}],"wp:term":[{"taxonomy":"category","embeddable":true,"href":"https:\/\/elreporterodelacomunidad.com\/index.php\/wp-json\/wp\/v2\/categories?post=9666"},{"taxonomy":"post_tag","embeddable":true,"href":"https:\/\/elreporterodelacomunidad.com\/index.php\/wp-json\/wp\/v2\/tags?post=9666"}],"curies":[{"name":"wp","href":"https:\/\/api.w.org\/{rel}","templated":true}]}}