{"id":8275,"date":"2024-09-01T21:59:22","date_gmt":"2024-09-02T04:59:22","guid":{"rendered":"https:\/\/elreporterodelacomunidad.com\/?p=8275"},"modified":"2024-09-01T21:59:24","modified_gmt":"2024-09-02T04:59:24","slug":"asegurados-cuatro-vehiculos-con-blindaje-artesanal-en-pitiquito-sonora","status":"publish","type":"post","link":"https:\/\/elreporterodelacomunidad.com\/index.php\/2024\/09\/01\/asegurados-cuatro-vehiculos-con-blindaje-artesanal-en-pitiquito-sonora\/","title":{"rendered":"Asegurados cuatro veh\u00edculos con blindaje artesanal en Pitiquito, Sonora."},"content":{"rendered":"\n<p><\/p>\n\n\n\n<p>Pitiquito, Sonora a 01 de septiembre de 2024.- Cuatro veh\u00edculos con procesos de blindaje artesanal, de los denominados tipo \u201cmonstruo\u201d, fueron asegurados en un cateo realizado en un predio agr\u00edcola del ejido El Arenoso, en el municipio de Pitiquito, Sonora, diligencia realizada por elementos de la Agencia Ministerial de Investigaci\u00f3n Criminal (AMIC) en coordinaci\u00f3n con efectivos del Ej\u00e9rcito Mexicano.<\/p>\n\n\n\n<p class=\"has-text-align-center\"><img loading=\"lazy\" decoding=\"async\" width=\"500\" height=\"281\" class=\"wp-image-8277\" style=\"width: 500px;\" src=\"https:\/\/elreporterodelacomunidad.com\/storage\/2024\/09\/FGJEptq01092024a.jpeg\" alt=\"\" srcset=\"https:\/\/elreporterodelacomunidad.com\/wp-content\/uploads\/2024\/09\/FGJEptq01092024a.jpeg 1280w, https:\/\/elreporterodelacomunidad.com\/wp-content\/uploads\/2024\/09\/FGJEptq01092024a-300x169.jpeg 300w, https:\/\/elreporterodelacomunidad.com\/wp-content\/uploads\/2024\/09\/FGJEptq01092024a-1024x576.jpeg 1024w, https:\/\/elreporterodelacomunidad.com\/wp-content\/uploads\/2024\/09\/FGJEptq01092024a-768x432.jpeg 768w, https:\/\/elreporterodelacomunidad.com\/wp-content\/uploads\/2024\/09\/FGJEptq01092024a-750x422.jpeg 750w, https:\/\/elreporterodelacomunidad.com\/wp-content\/uploads\/2024\/09\/FGJEptq01092024a-1140x641.jpeg 1140w\" sizes=\"auto, (max-width: 500px) 100vw, 500px\" \/><\/p>\n\n\n\n<p>Los veh\u00edculos estaban en un almac\u00e9n que funcionaba como taller para habilitarlos con placas met\u00e1licas y otras adecuaciones, mismos que fueron asegurados con base en una orden de cateo otorgada para recuperar indicios del presunto delito de disparos indebidos de armas de fuego y\/o lo que resulte.<\/p>\n\n\n\n<p>El sitio, ubicado a 30 kilometro al norte de la ciudad de Caborca y luego, alrededor de 10 kil\u00f3metros sobre brechas de terracer\u00eda hacia el este, qued\u00f3 asegurado bajo la conducci\u00f3n jur\u00eddica del Ministerio P\u00fablico de la Fiscal\u00eda General de Justicia del Estado de Sonora (FGJES).<\/p>\n\n\n\n<p class=\"has-text-align-center\"><img loading=\"lazy\" decoding=\"async\" width=\"500\" height=\"296\" class=\"wp-image-8278\" style=\"width: 500px;\" src=\"https:\/\/elreporterodelacomunidad.com\/storage\/2024\/09\/thumbnail_FGJEptq01092024b.jpg\" alt=\"\" srcset=\"https:\/\/elreporterodelacomunidad.com\/wp-content\/uploads\/2024\/09\/thumbnail_FGJEptq01092024b.jpg 1068w, https:\/\/elreporterodelacomunidad.com\/wp-content\/uploads\/2024\/09\/thumbnail_FGJEptq01092024b-300x178.jpg 300w, https:\/\/elreporterodelacomunidad.com\/wp-content\/uploads\/2024\/09\/thumbnail_FGJEptq01092024b-1024x606.jpg 1024w, https:\/\/elreporterodelacomunidad.com\/wp-content\/uploads\/2024\/09\/thumbnail_FGJEptq01092024b-768x454.jpg 768w, https:\/\/elreporterodelacomunidad.com\/wp-content\/uploads\/2024\/09\/thumbnail_FGJEptq01092024b-750x444.jpg 750w\" sizes=\"auto, (max-width: 500px) 100vw, 500px\" \/><\/p>\n\n\n\n<p>Tres de los veh\u00edculos asegurados cuentan con reporte de robo: un pick up Dodge RAM, un pick up Ford F-350, doble cabina, color blanco y un pick up GMC Sierra, doble cabina, color gris, excepto el cami\u00f3n AM General Corporation. En el lugar tambi\u00e9n se aseguraron 7 casquillos percutidos calibre 50 mm. y 24 vidrios bal\u00edsticos (blindados).<\/p>\n\n\n\n<p>Todo lo asegurado fue puesto a disposici\u00f3n de la autoridad correspondiente para las diligencias legales a las que haya lugar.<\/p>\n","protected":false},"excerpt":{"rendered":"<p>Pitiquito, Sonora a 01 de septiembre de 2024.- Cuatro veh\u00edculos con procesos de blindaje artesanal, de los denominados tipo \u201cmonstruo\u201d, fueron asegurados en un cateo realizado en un predio agr\u00edcola del ejido El Arenoso, en el municipio de Pitiquito, Sonora, diligencia realizada por elementos de la Agencia Ministerial de Investigaci\u00f3n Criminal (AMIC) en coordinaci\u00f3n con [&hellip;]<\/p>\n","protected":false},"author":1,"featured_media":8276,"comment_status":"open","ping_status":"open","sticky":false,"template":"","format":"standard","meta":{"footnotes":""},"categories":[32,39,26],"tags":[],"class_list":["post-8275","post","type-post","status-publish","format-standard","has-post-thumbnail","hentry","category-policiaca","category-politica","category-principal"],"_links":{"self":[{"href":"https:\/\/elreporterodelacomunidad.com\/index.php\/wp-json\/wp\/v2\/posts\/8275","targetHints":{"allow":["GET"]}}],"collection":[{"href":"https:\/\/elreporterodelacomunidad.com\/index.php\/wp-json\/wp\/v2\/posts"}],"about":[{"href":"https:\/\/elreporterodelacomunidad.com\/index.php\/wp-json\/wp\/v2\/types\/post"}],"author":[{"embeddable":true,"href":"https:\/\/elreporterodelacomunidad.com\/index.php\/wp-json\/wp\/v2\/users\/1"}],"replies":[{"embeddable":true,"href":"https:\/\/elreporterodelacomunidad.com\/index.php\/wp-json\/wp\/v2\/comments?post=8275"}],"version-history":[{"count":1,"href":"https:\/\/elreporterodelacomunidad.com\/index.php\/wp-json\/wp\/v2\/posts\/8275\/revisions"}],"predecessor-version":[{"id":8279,"href":"https:\/\/elreporterodelacomunidad.com\/index.php\/wp-json\/wp\/v2\/posts\/8275\/revisions\/8279"}],"wp:featuredmedia":[{"embeddable":true,"href":"https:\/\/elreporterodelacomunidad.com\/index.php\/wp-json\/wp\/v2\/media\/8276"}],"wp:attachment":[{"href":"https:\/\/elreporterodelacomunidad.com\/index.php\/wp-json\/wp\/v2\/media?parent=8275"}],"wp:term":[{"taxonomy":"category","embeddable":true,"href":"https:\/\/elreporterodelacomunidad.com\/index.php\/wp-json\/wp\/v2\/categories?post=8275"},{"taxonomy":"post_tag","embeddable":true,"href":"https:\/\/elreporterodelacomunidad.com\/index.php\/wp-json\/wp\/v2\/tags?post=8275"}],"curies":[{"name":"wp","href":"https:\/\/api.w.org\/{rel}","templated":true}]}}