{"id":8225,"date":"2024-08-31T16:47:19","date_gmt":"2024-08-31T23:47:19","guid":{"rendered":"https:\/\/elreporterodelacomunidad.com\/?p=8225"},"modified":"2024-08-31T16:47:21","modified_gmt":"2024-08-31T23:47:21","slug":"atiende-fgjes-a-integrantes-de-colectivos-de-busqueda-de-sonora","status":"publish","type":"post","link":"https:\/\/elreporterodelacomunidad.com\/index.php\/2024\/08\/31\/atiende-fgjes-a-integrantes-de-colectivos-de-busqueda-de-sonora\/","title":{"rendered":"Atiende FGJES a integrantes de colectivos de b\u00fasqueda de Sonora."},"content":{"rendered":"\n<p id=\"geom_inter_1725147825146_87_5\"><\/p>\n\n\n\n<p id=\"geom_inter_1725147975059_3_20\"><strong>Hermosillo, Sonora a 31 de agosto de 2024.-<\/strong>\u00a0Aproximadamente 350 integrantes de colectivos de b\u00fasqueda en la entidad fueron atendidos en la sede central de la Fiscal\u00eda General de Justicia del Estado de Sonora (FGJES), en el marco del D\u00eda Internacional de las V\u00edctimas de Desapariciones Forzadas.<\/p>\n\n\n\n<p>Despu\u00e9s de llevar a cabo una marcha por diversas calles de la ciudad capital el pasado 30 de agosto, los colectivos Buscadoras por la Paz Sonora y Madres Buscadoras de Sonora acudieron a las instalaciones de esta Fiscal\u00eda para solicitar avances en las investigaciones relacionadas con sus familiares desaparecidos.<\/p>\n\n\n\n<p id=\"geom_inter_1725147976058_56_23\">Cada integrante fue atendido en grupos de personas por agentes del Ministerio P\u00fablico, quienes brindaron atenci\u00f3n personalizada, recabando la informaci\u00f3n necesaria con el objetivo de, posteriormente, informar sobre los diversos actos de investigaci\u00f3n y el progreso en la b\u00fasqueda de sus seres queridos.<\/p>\n\n\n\n<p id=\"geom_inter_1725147978060_80_28\">Por instrucciones de Gustavo R\u00f3mulo Salas Ch\u00e1vez, Fiscal General de Justicia del Estado, Cecilia Delgado Grijalva, del colectivo Buscadoras por la Paz Sonora, y Ceci Patricia Flores Armenta, de Madres Buscadoras de Sonora, junto con las dem\u00e1s integrantes, fueron atendidas por el personal de la Fiscal\u00eda General de Justicia del Estado de Sonora (FGJES).<\/p>\n\n\n\n<p id=\"geom_inter_1725147978059_31_27\">Las entrevistas realizadas a cada persona permitir\u00e1n un seguimiento continuo, asegurando que se les contacte para informarles sobre los avances en las carpetas de investigaci\u00f3n relacionadas en cada caso de sus familiares, garantizando as\u00ed su derecho al acceso a la informaci\u00f3n y a la justicia.<\/p>\n","protected":false},"excerpt":{"rendered":"<p>Hermosillo, Sonora a 31 de agosto de 2024.-\u00a0Aproximadamente 350 integrantes de colectivos de b\u00fasqueda en la entidad fueron atendidos en la sede central de la Fiscal\u00eda General de Justicia del Estado de Sonora (FGJES), en el marco del D\u00eda Internacional de las V\u00edctimas de Desapariciones Forzadas. Despu\u00e9s de llevar a cabo una marcha por diversas [&hellip;]<\/p>\n","protected":false},"author":1,"featured_media":8226,"comment_status":"open","ping_status":"open","sticky":false,"template":"","format":"standard","meta":{"footnotes":""},"categories":[32,39,26],"tags":[],"class_list":["post-8225","post","type-post","status-publish","format-standard","has-post-thumbnail","hentry","category-policiaca","category-politica","category-principal"],"_links":{"self":[{"href":"https:\/\/elreporterodelacomunidad.com\/index.php\/wp-json\/wp\/v2\/posts\/8225","targetHints":{"allow":["GET"]}}],"collection":[{"href":"https:\/\/elreporterodelacomunidad.com\/index.php\/wp-json\/wp\/v2\/posts"}],"about":[{"href":"https:\/\/elreporterodelacomunidad.com\/index.php\/wp-json\/wp\/v2\/types\/post"}],"author":[{"embeddable":true,"href":"https:\/\/elreporterodelacomunidad.com\/index.php\/wp-json\/wp\/v2\/users\/1"}],"replies":[{"embeddable":true,"href":"https:\/\/elreporterodelacomunidad.com\/index.php\/wp-json\/wp\/v2\/comments?post=8225"}],"version-history":[{"count":1,"href":"https:\/\/elreporterodelacomunidad.com\/index.php\/wp-json\/wp\/v2\/posts\/8225\/revisions"}],"predecessor-version":[{"id":8227,"href":"https:\/\/elreporterodelacomunidad.com\/index.php\/wp-json\/wp\/v2\/posts\/8225\/revisions\/8227"}],"wp:featuredmedia":[{"embeddable":true,"href":"https:\/\/elreporterodelacomunidad.com\/index.php\/wp-json\/wp\/v2\/media\/8226"}],"wp:attachment":[{"href":"https:\/\/elreporterodelacomunidad.com\/index.php\/wp-json\/wp\/v2\/media?parent=8225"}],"wp:term":[{"taxonomy":"category","embeddable":true,"href":"https:\/\/elreporterodelacomunidad.com\/index.php\/wp-json\/wp\/v2\/categories?post=8225"},{"taxonomy":"post_tag","embeddable":true,"href":"https:\/\/elreporterodelacomunidad.com\/index.php\/wp-json\/wp\/v2\/tags?post=8225"}],"curies":[{"name":"wp","href":"https:\/\/api.w.org\/{rel}","templated":true}]}}