{"id":8222,"date":"2024-08-31T16:29:20","date_gmt":"2024-08-31T23:29:20","guid":{"rendered":"https:\/\/elreporterodelacomunidad.com\/?p=8222"},"modified":"2024-08-31T16:29:24","modified_gmt":"2024-08-31T23:29:24","slug":"vinculado-a-proceso-a-luis-adrian-n-por-homicidio-infantil","status":"publish","type":"post","link":"https:\/\/elreporterodelacomunidad.com\/index.php\/2024\/08\/31\/vinculado-a-proceso-a-luis-adrian-n-por-homicidio-infantil\/","title":{"rendered":"Vinculado a proceso a Luis Adri\u00e1n \u201cN\u201d por homicidio infantil."},"content":{"rendered":"\n<p><\/p>\n\n\n\n<p>Hermosillo, Sonora a 31 de agosto de 2024.- Vinculado a proceso y en prisi\u00f3n preventiva justificada se encuentra Luis Adri\u00e1n \u201cN\u201d debido a su probable responsabilidad por el delito de homicidio infantil, acto cometido en perjuicio de su propio hijo, un lactante de 4 meses de edad.<\/p>\n\n\n\n<p>La carpeta de investigaci\u00f3n iniciada por la Fiscal\u00eda General de Justicia del Estado de Sonora (FGJES) establece que el menor fue recibido en un nosocomio local, donde perdi\u00f3 la vida el 26 de agosto de 2024.<\/p>\n\n\n\n<p>Tras esto, se iniciaron las investigaciones correspondientes y el dictamen m\u00e9dico de necropsia demostr\u00f3 que el menor presentaba al menos 16 lesiones. De igual forma, se concluy\u00f3 que el menor muri\u00f3 de forma violenta, presentando una hemorragia cerebral y el s\u00edndrome del ni\u00f1o sacudido y policontundido.<\/p>\n\n\n\n<p>Como hip\u00f3tesis del caso, se asent\u00f3 que el imputado se encontraba al cuidado del menor de edad en su vivienda, ubicada en la colonia Amapolas, en Hermosillo, Sonora, cuando infligi\u00f3 maltrato f\u00edsico al menor al sacudirlo con la fuerza necesaria para ocasionarle una hemorragia cerebral que deriv\u00f3 en su muerte.<\/p>\n\n\n\n<p>Lo anterior, se acredit\u00f3 con medios de prueba cient\u00edficos y testimoniales ante el Juez de Control, quien determin\u00f3 procedente vincularlo a proceso ante el caudal probatorio presentado por esta representaci\u00f3n social, imponiendo adem\u00e1s la prisi\u00f3n preventiva justificada como medida cautelar, por lo que Luis Adri\u00e1n \u201cN\u201d ya se encuentra en un Centro de Reinserci\u00f3n Social (CERESO).<\/p>\n\n\n\n<p>La Fiscal\u00eda General de Justicia del Estado de Sonora (FGJES) realizar\u00e1 las investigaciones complementarias a fin de lograr que el se\u00f1alado sea sentenciado conforme a lo que dicta la ley, con una pena ejemplar dada la naturaleza de este proditorio delito.<\/p>\n","protected":false},"excerpt":{"rendered":"<p>Hermosillo, Sonora a 31 de agosto de 2024.- Vinculado a proceso y en prisi\u00f3n preventiva justificada se encuentra Luis Adri\u00e1n \u201cN\u201d debido a su probable responsabilidad por el delito de homicidio infantil, acto cometido en perjuicio de su propio hijo, un lactante de 4 meses de edad. La carpeta de investigaci\u00f3n iniciada por la Fiscal\u00eda [&hellip;]<\/p>\n","protected":false},"author":1,"featured_media":8223,"comment_status":"open","ping_status":"open","sticky":false,"template":"","format":"standard","meta":{"footnotes":""},"categories":[34,32,39],"tags":[],"class_list":["post-8222","post","type-post","status-publish","format-standard","has-post-thumbnail","hentry","category-general","category-policiaca","category-politica"],"_links":{"self":[{"href":"https:\/\/elreporterodelacomunidad.com\/index.php\/wp-json\/wp\/v2\/posts\/8222","targetHints":{"allow":["GET"]}}],"collection":[{"href":"https:\/\/elreporterodelacomunidad.com\/index.php\/wp-json\/wp\/v2\/posts"}],"about":[{"href":"https:\/\/elreporterodelacomunidad.com\/index.php\/wp-json\/wp\/v2\/types\/post"}],"author":[{"embeddable":true,"href":"https:\/\/elreporterodelacomunidad.com\/index.php\/wp-json\/wp\/v2\/users\/1"}],"replies":[{"embeddable":true,"href":"https:\/\/elreporterodelacomunidad.com\/index.php\/wp-json\/wp\/v2\/comments?post=8222"}],"version-history":[{"count":1,"href":"https:\/\/elreporterodelacomunidad.com\/index.php\/wp-json\/wp\/v2\/posts\/8222\/revisions"}],"predecessor-version":[{"id":8224,"href":"https:\/\/elreporterodelacomunidad.com\/index.php\/wp-json\/wp\/v2\/posts\/8222\/revisions\/8224"}],"wp:featuredmedia":[{"embeddable":true,"href":"https:\/\/elreporterodelacomunidad.com\/index.php\/wp-json\/wp\/v2\/media\/8223"}],"wp:attachment":[{"href":"https:\/\/elreporterodelacomunidad.com\/index.php\/wp-json\/wp\/v2\/media?parent=8222"}],"wp:term":[{"taxonomy":"category","embeddable":true,"href":"https:\/\/elreporterodelacomunidad.com\/index.php\/wp-json\/wp\/v2\/categories?post=8222"},{"taxonomy":"post_tag","embeddable":true,"href":"https:\/\/elreporterodelacomunidad.com\/index.php\/wp-json\/wp\/v2\/tags?post=8222"}],"curies":[{"name":"wp","href":"https:\/\/api.w.org\/{rel}","templated":true}]}}