{"id":8180,"date":"2024-08-30T21:31:34","date_gmt":"2024-08-31T04:31:34","guid":{"rendered":"https:\/\/elreporterodelacomunidad.com\/?p=8180"},"modified":"2024-08-30T21:31:36","modified_gmt":"2024-08-31T04:31:36","slug":"vinculado-a-proceso-por-homicidio-culposo-lesiones-y-danos-con-hecho-de-transito-asi-como-por-atentado-contra-la-seguridad","status":"publish","type":"post","link":"https:\/\/elreporterodelacomunidad.com\/index.php\/2024\/08\/30\/vinculado-a-proceso-por-homicidio-culposo-lesiones-y-danos-con-hecho-de-transito-asi-como-por-atentado-contra-la-seguridad\/","title":{"rendered":"Vinculado a proceso por homicidio culposo, lesiones y da\u00f1os con hecho de tr\u00e1nsito, as\u00ed como por atentado contra la seguridad."},"content":{"rendered":"\n<p><\/p>\n\n\n\n<p><strong>Cajeme, Sonora a 30 de agosto de 2024.-<\/strong>\u00a0La Fiscal\u00eda General de Justicia del Estado de Sonora (FGJES) captur\u00f3 a Jes\u00fas Ariel \u201cN\u201d, de 29 a\u00f1os, y en audiencia obtuvo que el Juez lo vinculara a proceso, decretando prisi\u00f3n preventiva justificada por su probable responsabilidad en los delitos de homicidio culposo, lesiones a cuatro personas, da\u00f1os con motivo de tr\u00e1nsito de veh\u00edculos, as\u00ed como atentado contra la comunidad.<\/p>\n\n\n\n<p>Los hechos imputados por el agente del Ministerio P\u00fablico, que constan en la carpeta de investigaci\u00f3n, ocurrieron el pasado 27 de febrero, alrededor de las 07:20 horas, cuando el imputado conduc\u00eda a exceso de velocidad un autom\u00f3vil Volkswagen Jetta, color plata, con placas de Sinaloa, en direcci\u00f3n de oriente a poniente por el bulevar Rodolfo El\u00edas Calles, en Ciudad Obreg\u00f3n.<\/p>\n\n\n\n<p>El veh\u00edculo ten\u00eda encendidas luces rojas y azules tipo estrobos, similares a las utilizadas por las corporaciones policiacas, y en el asiento del copiloto lo acompa\u00f1aba Jorge \u201cN\u201d. Al llegar a la intersecci\u00f3n de las calles Antonio Caso y Urbi Villa del Real, en la colonia Villas del Real, el conductor realiz\u00f3 una maniobra incorrecta hacia el sur poniente, invadiendo el carril contrario.<\/p>\n\n\n\n<p>Como resultado de la maniobra, un veh\u00edculo Hyundai Creta, color rojo, modelo 2024, fue impactado en el lado del copiloto, resultando lesionados los integrantes de la familia que lo abordaba: Francisco Ernesto \u201cN\u201d, de 35 a\u00f1os; Mayra Alejandra \u201cN\u201d, de 36; y dos menores, de 14 y 1 a\u00f1os, quienes recibieron atenci\u00f3n m\u00e9dica por diversas heridas.<\/p>\n\n\n\n<p>Jes\u00fas Ariel \u201cN\u201d tambi\u00e9n result\u00f3 lesionado, mientras que Jorge \u201cN\u201d perdi\u00f3 la vida debido al fuerte impacto. En el veh\u00edculo que conduc\u00eda Jes\u00fas Ariel \u201cN\u201d se localiz\u00f3 una mochila t\u00e1ctica, guantes t\u00e1cticos, una gorra con el logotipo de una corporaci\u00f3n de seguridad y varios cartuchos \u00fatiles calibre .380.<\/p>\n\n\n\n<p>Derivado de estos hechos, se integr\u00f3 la carpeta de investigaci\u00f3n por diversos delitos y se obtuvo una orden de aprehensi\u00f3n contra el probable responsable, quien fue ingresado al Centro de Reinserci\u00f3n Social (CERESO) de Cajeme, donde est\u00e1 a la espera de las pr\u00f3ximas audiencias ante los tribunales.<\/p>\n","protected":false},"excerpt":{"rendered":"<p>Cajeme, Sonora a 30 de agosto de 2024.-\u00a0La Fiscal\u00eda General de Justicia del Estado de Sonora (FGJES) captur\u00f3 a Jes\u00fas Ariel \u201cN\u201d, de 29 a\u00f1os, y en audiencia obtuvo que el Juez lo vinculara a proceso, decretando prisi\u00f3n preventiva justificada por su probable responsabilidad en los delitos de homicidio culposo, lesiones a cuatro personas, da\u00f1os [&hellip;]<\/p>\n","protected":false},"author":1,"featured_media":8181,"comment_status":"open","ping_status":"open","sticky":false,"template":"","format":"standard","meta":{"footnotes":""},"categories":[32,39],"tags":[],"class_list":["post-8180","post","type-post","status-publish","format-standard","has-post-thumbnail","hentry","category-policiaca","category-politica"],"_links":{"self":[{"href":"https:\/\/elreporterodelacomunidad.com\/index.php\/wp-json\/wp\/v2\/posts\/8180","targetHints":{"allow":["GET"]}}],"collection":[{"href":"https:\/\/elreporterodelacomunidad.com\/index.php\/wp-json\/wp\/v2\/posts"}],"about":[{"href":"https:\/\/elreporterodelacomunidad.com\/index.php\/wp-json\/wp\/v2\/types\/post"}],"author":[{"embeddable":true,"href":"https:\/\/elreporterodelacomunidad.com\/index.php\/wp-json\/wp\/v2\/users\/1"}],"replies":[{"embeddable":true,"href":"https:\/\/elreporterodelacomunidad.com\/index.php\/wp-json\/wp\/v2\/comments?post=8180"}],"version-history":[{"count":1,"href":"https:\/\/elreporterodelacomunidad.com\/index.php\/wp-json\/wp\/v2\/posts\/8180\/revisions"}],"predecessor-version":[{"id":8182,"href":"https:\/\/elreporterodelacomunidad.com\/index.php\/wp-json\/wp\/v2\/posts\/8180\/revisions\/8182"}],"wp:featuredmedia":[{"embeddable":true,"href":"https:\/\/elreporterodelacomunidad.com\/index.php\/wp-json\/wp\/v2\/media\/8181"}],"wp:attachment":[{"href":"https:\/\/elreporterodelacomunidad.com\/index.php\/wp-json\/wp\/v2\/media?parent=8180"}],"wp:term":[{"taxonomy":"category","embeddable":true,"href":"https:\/\/elreporterodelacomunidad.com\/index.php\/wp-json\/wp\/v2\/categories?post=8180"},{"taxonomy":"post_tag","embeddable":true,"href":"https:\/\/elreporterodelacomunidad.com\/index.php\/wp-json\/wp\/v2\/tags?post=8180"}],"curies":[{"name":"wp","href":"https:\/\/api.w.org\/{rel}","templated":true}]}}