{"id":8177,"date":"2024-08-30T21:29:35","date_gmt":"2024-08-31T04:29:35","guid":{"rendered":"https:\/\/elreporterodelacomunidad.com\/?p=8177"},"modified":"2024-08-30T21:29:36","modified_gmt":"2024-08-31T04:29:36","slug":"queda-imputado-jose-lorenzo-n-por-el-feminicidio-de-nayeli-n","status":"publish","type":"post","link":"https:\/\/elreporterodelacomunidad.com\/index.php\/2024\/08\/30\/queda-imputado-jose-lorenzo-n-por-el-feminicidio-de-nayeli-n\/","title":{"rendered":"Queda imputado Jos\u00e9 Lorenzo \u201cN\u201d por el feminicidio de Nayeli \u201cN\u201d."},"content":{"rendered":"\n<p><\/p>\n\n\n\n<p><strong>Hermosillo, Sonora a 30 de agosto de 2024.-<\/strong>\u00a0Por el delito de feminicidio en agravio de Nayeli \u201cN\u201d, de 30 a\u00f1os, localizada sin vida el pasado 28 de agosto en Hermosillo, Jos\u00e9 Lorenzo \u201cN\u201d, de 19 a\u00f1os, qued\u00f3 imputado y bajo prisi\u00f3n preventiva justificada, ante los datos de prueba presentados por la Fiscal\u00eda General de Justicia del Estado de Sonora (FGJES) en la audiencia correspondiente.<\/p>\n\n\n\n<p>Los hechos asentados en la carpeta de investigaci\u00f3n, realizada con perspectiva de g\u00e9nero, establecen que en un lapso de tiempo comprendido entre las 23:50 horas del d\u00eda 27 de agosto y las 00:25 horas del d\u00eda 28, la v\u00edctima fue atacada en un predio bald\u00edo ubicado a espaldas de la Cerrada Mandioca, en Natura Residencial.<\/p>\n\n\n\n<p>Se establece que el sujeto, con quien Nayeli \u201cN\u201d sosten\u00eda una relaci\u00f3n sentimental desde el 1 de mayo pasado y una relaci\u00f3n laboral de confianza, pues trabajaban juntos en una maquiladora, presuntamente la someti\u00f3 a tener relaciones sexuales y la agredi\u00f3 f\u00edsicamente con un objeto tipo arma blanca, caus\u00e1ndole m\u00faltiples laceraciones, heridas punzantes, cortantes y excoriaciones en su integridad corporal.<\/p>\n\n\n\n<p>La v\u00edctima fue localizada con vida en las primeras horas del pasado 28 de agosto y trasladada a un hospital para recibir atenci\u00f3n m\u00e9dica, donde lamentablemente perdi\u00f3 la vida a las 04:22 horas. Antes de fallecer, se\u00f1al\u00f3 al imputado como el probable responsable de las lesiones sufridas.<\/p>\n\n\n\n<p>Derivado de los diversos actos de investigaci\u00f3n con perspectiva de g\u00e9nero, se estableci\u00f3 la identidad del agresor, quien fue capturado por elementos de la Agencia Ministerial de Investigaci\u00f3n Criminal (AMIC).<\/p>\n\n\n\n<p>En la audiencia se dictaron las medidas cautelares, quedando pendiente la resoluci\u00f3n de la vinculaci\u00f3n a proceso, ya que el imputado y su defensa solicitaron el t\u00e9rmino constitucional de 144 horas.<\/p>\n\n\n\n<p>En su compromiso con el derecho de las mujeres a una vida libre de violencia, la Fiscal\u00eda General de Justicia del Estado de Sonora contin\u00faa con las investigaciones para asegurar que, ante los tribunales, el imputado reciba una condena ejemplar.<\/p>\n","protected":false},"excerpt":{"rendered":"<p>Hermosillo, Sonora a 30 de agosto de 2024.-\u00a0Por el delito de feminicidio en agravio de Nayeli \u201cN\u201d, de 30 a\u00f1os, localizada sin vida el pasado 28 de agosto en Hermosillo, Jos\u00e9 Lorenzo \u201cN\u201d, de 19 a\u00f1os, qued\u00f3 imputado y bajo prisi\u00f3n preventiva justificada, ante los datos de prueba presentados por la Fiscal\u00eda General de Justicia [&hellip;]<\/p>\n","protected":false},"author":1,"featured_media":8178,"comment_status":"open","ping_status":"open","sticky":false,"template":"","format":"standard","meta":{"footnotes":""},"categories":[32,39],"tags":[],"class_list":["post-8177","post","type-post","status-publish","format-standard","has-post-thumbnail","hentry","category-policiaca","category-politica"],"_links":{"self":[{"href":"https:\/\/elreporterodelacomunidad.com\/index.php\/wp-json\/wp\/v2\/posts\/8177","targetHints":{"allow":["GET"]}}],"collection":[{"href":"https:\/\/elreporterodelacomunidad.com\/index.php\/wp-json\/wp\/v2\/posts"}],"about":[{"href":"https:\/\/elreporterodelacomunidad.com\/index.php\/wp-json\/wp\/v2\/types\/post"}],"author":[{"embeddable":true,"href":"https:\/\/elreporterodelacomunidad.com\/index.php\/wp-json\/wp\/v2\/users\/1"}],"replies":[{"embeddable":true,"href":"https:\/\/elreporterodelacomunidad.com\/index.php\/wp-json\/wp\/v2\/comments?post=8177"}],"version-history":[{"count":1,"href":"https:\/\/elreporterodelacomunidad.com\/index.php\/wp-json\/wp\/v2\/posts\/8177\/revisions"}],"predecessor-version":[{"id":8179,"href":"https:\/\/elreporterodelacomunidad.com\/index.php\/wp-json\/wp\/v2\/posts\/8177\/revisions\/8179"}],"wp:featuredmedia":[{"embeddable":true,"href":"https:\/\/elreporterodelacomunidad.com\/index.php\/wp-json\/wp\/v2\/media\/8178"}],"wp:attachment":[{"href":"https:\/\/elreporterodelacomunidad.com\/index.php\/wp-json\/wp\/v2\/media?parent=8177"}],"wp:term":[{"taxonomy":"category","embeddable":true,"href":"https:\/\/elreporterodelacomunidad.com\/index.php\/wp-json\/wp\/v2\/categories?post=8177"},{"taxonomy":"post_tag","embeddable":true,"href":"https:\/\/elreporterodelacomunidad.com\/index.php\/wp-json\/wp\/v2\/tags?post=8177"}],"curies":[{"name":"wp","href":"https:\/\/api.w.org\/{rel}","templated":true}]}}