{"id":8166,"date":"2024-08-29T23:08:27","date_gmt":"2024-08-30T06:08:27","guid":{"rendered":"https:\/\/elreporterodelacomunidad.com\/?p=8166"},"modified":"2024-08-29T23:08:30","modified_gmt":"2024-08-30T06:08:30","slug":"aseguran-autoridades-de-seguridad-predio-vehiculos-y-arsenal-resultado-de-operativo-especial","status":"publish","type":"post","link":"https:\/\/elreporterodelacomunidad.com\/index.php\/2024\/08\/29\/aseguran-autoridades-de-seguridad-predio-vehiculos-y-arsenal-resultado-de-operativo-especial\/","title":{"rendered":"Aseguran autoridades de seguridad predio, veh\u00edculos y arsenal resultado de operativo especial."},"content":{"rendered":"\n<p><\/p>\n\n\n\n<p>Pitiquito, Sonora a 29 de agosto de 2024.- En seguimiento al operativo por el ataque a un ganadero de la regi\u00f3n, autoridades que integran la Mesa Estatal de Seguridad aseguraron un predio, un veh\u00edculo tipo \u201cmonstruo\u201d, 13 veh\u00edculos, arsenal de armas de fuego y equipo t\u00e1ctico.<\/p>\n\n\n\n<p>En operativo por tierra y aire que realizaron elementos de la Secretar\u00eda de Marina y de la Agencia Ministerial de Investigaci\u00f3n Criminal (AMIC), se identific\u00f3 en utilizaci\u00f3n de helic\u00f3ptero Black Hawk, el cual sirvi\u00f3 para brindar seguridad y apoyo en tierra, movimiento de un veh\u00edculo en exceso de velocidad con personas armadas en el municipio de Pitiquito, quienes fueron perseguidos y accionaron armas de fuego en contra de la aeronave, para despu\u00e9s dejar el veh\u00edculo y huir a fuerza de carrera.<\/p>\n\n\n\n<p>Posteriormente elementos de SEMAR y AMIC llegaron al lugar por tierra para asegurar el veh\u00edculo y continuar con el operativo para dar con la localizaci\u00f3n de los presuntos criminales. Como seguimiento al operativo por aire, se ubic\u00f3 un predio donde se observaron distintos veh\u00edculos, entre ellos uno con blindaje artesanal, de los llamados \u201cmonstruos\u201d.<\/p>\n\n\n\n<p><img loading=\"lazy\" decoding=\"async\" width=\"500\" height=\"231\" class=\"wp-image-8168\" style=\"width: 500px;\" src=\"https:\/\/elreporterodelacomunidad.com\/storage\/2024\/08\/0000.jpg\" alt=\"\" srcset=\"https:\/\/elreporterodelacomunidad.com\/wp-content\/uploads\/2024\/08\/0000.jpg 1600w, https:\/\/elreporterodelacomunidad.com\/wp-content\/uploads\/2024\/08\/0000-300x138.jpg 300w, https:\/\/elreporterodelacomunidad.com\/wp-content\/uploads\/2024\/08\/0000-1024x472.jpg 1024w, https:\/\/elreporterodelacomunidad.com\/wp-content\/uploads\/2024\/08\/0000-768x354.jpg 768w, https:\/\/elreporterodelacomunidad.com\/wp-content\/uploads\/2024\/08\/0000-1536x708.jpg 1536w, https:\/\/elreporterodelacomunidad.com\/wp-content\/uploads\/2024\/08\/0000-750x346.jpg 750w, https:\/\/elreporterodelacomunidad.com\/wp-content\/uploads\/2024\/08\/0000-1140x526.jpg 1140w\" sizes=\"auto, (max-width: 500px) 100vw, 500px\" \/><\/p>\n\n\n\n<p>En el operativo se asegur\u00f3 un veh\u00edculo tipo monstruo, 13 veh\u00edculos de distintas marcas y modelos, 20 armas de fuego largas y un arma de fuego corta, municiones, chalecos antibalas, cargadores, y equipo t\u00e1ctico diverso.<\/p>\n","protected":false},"excerpt":{"rendered":"<p>Pitiquito, Sonora a 29 de agosto de 2024.- En seguimiento al operativo por el ataque a un ganadero de la regi\u00f3n, autoridades que integran la Mesa Estatal de Seguridad aseguraron un predio, un veh\u00edculo tipo \u201cmonstruo\u201d, 13 veh\u00edculos, arsenal de armas de fuego y equipo t\u00e1ctico. En operativo por tierra y aire que realizaron elementos [&hellip;]<\/p>\n","protected":false},"author":1,"featured_media":8167,"comment_status":"open","ping_status":"open","sticky":false,"template":"","format":"standard","meta":{"footnotes":""},"categories":[32,39,26,45],"tags":[],"class_list":["post-8166","post","type-post","status-publish","format-standard","has-post-thumbnail","hentry","category-policiaca","category-politica","category-principal","category-ultimasnoticias"],"_links":{"self":[{"href":"https:\/\/elreporterodelacomunidad.com\/index.php\/wp-json\/wp\/v2\/posts\/8166","targetHints":{"allow":["GET"]}}],"collection":[{"href":"https:\/\/elreporterodelacomunidad.com\/index.php\/wp-json\/wp\/v2\/posts"}],"about":[{"href":"https:\/\/elreporterodelacomunidad.com\/index.php\/wp-json\/wp\/v2\/types\/post"}],"author":[{"embeddable":true,"href":"https:\/\/elreporterodelacomunidad.com\/index.php\/wp-json\/wp\/v2\/users\/1"}],"replies":[{"embeddable":true,"href":"https:\/\/elreporterodelacomunidad.com\/index.php\/wp-json\/wp\/v2\/comments?post=8166"}],"version-history":[{"count":1,"href":"https:\/\/elreporterodelacomunidad.com\/index.php\/wp-json\/wp\/v2\/posts\/8166\/revisions"}],"predecessor-version":[{"id":8169,"href":"https:\/\/elreporterodelacomunidad.com\/index.php\/wp-json\/wp\/v2\/posts\/8166\/revisions\/8169"}],"wp:featuredmedia":[{"embeddable":true,"href":"https:\/\/elreporterodelacomunidad.com\/index.php\/wp-json\/wp\/v2\/media\/8167"}],"wp:attachment":[{"href":"https:\/\/elreporterodelacomunidad.com\/index.php\/wp-json\/wp\/v2\/media?parent=8166"}],"wp:term":[{"taxonomy":"category","embeddable":true,"href":"https:\/\/elreporterodelacomunidad.com\/index.php\/wp-json\/wp\/v2\/categories?post=8166"},{"taxonomy":"post_tag","embeddable":true,"href":"https:\/\/elreporterodelacomunidad.com\/index.php\/wp-json\/wp\/v2\/tags?post=8166"}],"curies":[{"name":"wp","href":"https:\/\/api.w.org\/{rel}","templated":true}]}}