{"id":8119,"date":"2024-08-29T16:13:15","date_gmt":"2024-08-29T23:13:15","guid":{"rendered":"https:\/\/elreporterodelacomunidad.com\/?p=8119"},"modified":"2024-08-29T16:13:17","modified_gmt":"2024-08-29T23:13:17","slug":"fgr-inicia-investigacion-tras-asegurarle-100-cartuchos-utiles-a-motociclista","status":"publish","type":"post","link":"https:\/\/elreporterodelacomunidad.com\/index.php\/2024\/08\/29\/fgr-inicia-investigacion-tras-asegurarle-100-cartuchos-utiles-a-motociclista\/","title":{"rendered":"FGR inicia investigaci\u00f3n tras asegurarle 100 cartuchos \u00fatiles a motociclista."},"content":{"rendered":"\n<p>Hermosillo, Sonora a 29 de agosto de 2024.- El Ministerio P\u00fablico de la Fiscal\u00eda General de la Rep\u00fablica (FGR) en su Fiscal\u00eda Federal en Sonora, integra Carpeta de Investigaci\u00f3n contra una persona, por su probable responsabilidad en la comisi\u00f3n del delito de violaci\u00f3n a la Ley de Armas de Fuego y Explosivos, luego de asegurarle cartuchos \u00fatiles en Caborca, Sonora.<\/p>\n\n\n\n<p>Elementos de la Polic\u00eda Estatal de Seguridad P\u00fablica (PESP), en inmediaciones de la colonia San Benito en Caborca, Sonora, detuvieron a Andr\u00e9s \u201cL\u201d, a bordo de una motocicleta sin placas de circulaci\u00f3n, luego de asegurarle 100 cartuchos para arma de fuego.<\/p>\n\n\n\n<p>El agente del Ministerio P\u00fablico Federal (AMPF) inici\u00f3 la Carpeta de Investigaci\u00f3n y realiza los tr\u00e1mites legales correspondientes para el esclarecimiento de los hechos.<\/p>\n","protected":false},"excerpt":{"rendered":"<p>Hermosillo, Sonora a 29 de agosto de 2024.- El Ministerio P\u00fablico de la Fiscal\u00eda General de la Rep\u00fablica (FGR) en su Fiscal\u00eda Federal en Sonora, integra Carpeta de Investigaci\u00f3n contra una persona, por su probable responsabilidad en la comisi\u00f3n del delito de violaci\u00f3n a la Ley de Armas de Fuego y Explosivos, luego de asegurarle [&hellip;]<\/p>\n","protected":false},"author":1,"featured_media":8120,"comment_status":"open","ping_status":"open","sticky":false,"template":"","format":"standard","meta":{"footnotes":""},"categories":[34,32,39],"tags":[],"class_list":["post-8119","post","type-post","status-publish","format-standard","has-post-thumbnail","hentry","category-general","category-policiaca","category-politica"],"_links":{"self":[{"href":"https:\/\/elreporterodelacomunidad.com\/index.php\/wp-json\/wp\/v2\/posts\/8119","targetHints":{"allow":["GET"]}}],"collection":[{"href":"https:\/\/elreporterodelacomunidad.com\/index.php\/wp-json\/wp\/v2\/posts"}],"about":[{"href":"https:\/\/elreporterodelacomunidad.com\/index.php\/wp-json\/wp\/v2\/types\/post"}],"author":[{"embeddable":true,"href":"https:\/\/elreporterodelacomunidad.com\/index.php\/wp-json\/wp\/v2\/users\/1"}],"replies":[{"embeddable":true,"href":"https:\/\/elreporterodelacomunidad.com\/index.php\/wp-json\/wp\/v2\/comments?post=8119"}],"version-history":[{"count":1,"href":"https:\/\/elreporterodelacomunidad.com\/index.php\/wp-json\/wp\/v2\/posts\/8119\/revisions"}],"predecessor-version":[{"id":8121,"href":"https:\/\/elreporterodelacomunidad.com\/index.php\/wp-json\/wp\/v2\/posts\/8119\/revisions\/8121"}],"wp:featuredmedia":[{"embeddable":true,"href":"https:\/\/elreporterodelacomunidad.com\/index.php\/wp-json\/wp\/v2\/media\/8120"}],"wp:attachment":[{"href":"https:\/\/elreporterodelacomunidad.com\/index.php\/wp-json\/wp\/v2\/media?parent=8119"}],"wp:term":[{"taxonomy":"category","embeddable":true,"href":"https:\/\/elreporterodelacomunidad.com\/index.php\/wp-json\/wp\/v2\/categories?post=8119"},{"taxonomy":"post_tag","embeddable":true,"href":"https:\/\/elreporterodelacomunidad.com\/index.php\/wp-json\/wp\/v2\/tags?post=8119"}],"curies":[{"name":"wp","href":"https:\/\/api.w.org\/{rel}","templated":true}]}}