{"id":8116,"date":"2024-08-29T16:10:11","date_gmt":"2024-08-29T23:10:11","guid":{"rendered":"https:\/\/elreporterodelacomunidad.com\/?p=8116"},"modified":"2024-08-29T16:10:13","modified_gmt":"2024-08-29T23:10:13","slug":"captura-fgjes-en-hermosillo-a-probable-responsable-del-feminicidio-de-nayeli-n","status":"publish","type":"post","link":"https:\/\/elreporterodelacomunidad.com\/index.php\/2024\/08\/29\/captura-fgjes-en-hermosillo-a-probable-responsable-del-feminicidio-de-nayeli-n\/","title":{"rendered":"Captura FGJES en Hermosillo a probable responsable del feminicidio de Nayeli \u201cN\u201d."},"content":{"rendered":"\n<p><strong>Hermosillo, Sonora a 29 de agosto de 2024.-<\/strong>\u00a0La Fiscal\u00eda General de Justicia del Estado de Sonora (FGJES), a trav\u00e9s de elementos de la Agencia Ministerial de Investigaci\u00f3n Criminal (AMIC), captur\u00f3 a Jos\u00e9 Lorenzo \u201cN\u201d, de 19 a\u00f1os, por su probable responsabilidad en el feminicidio de Nayeli \u201cN\u201d, de 30 a\u00f1os, ocurrido el pasado 28 de agosto en Hermosillo.<\/p>\n\n\n\n<p>Derivado de diversos actos de investigaci\u00f3n realizados con perspectiva de g\u00e9nero, se estableci\u00f3 la identidad del presunto responsable, quien trabajaba en la maquiladora, en la empresa donde laboraba la v\u00edctima y, adem\u00e1s, vecino de \u00e9sta; se tiene acreditado que tuvo el \u00faltimo contacto con ella la noche en que ocurrieron los hechos viol\u00e1ndola e hiri\u00e9ndola con un instrumento punzo cortante, abandon\u00e1ndola, pensando que estaba muerta.<\/p>\n\n\n\n<p>Nayeli \u201cN\u201d fue encontrada con vida en las primeras horas del mi\u00e9rcoles 28 de agosto en un predio ubicado en la colonia Natura, en Hermosillo, de donde fue trasladada a un hospital, donde recibi\u00f3 atenci\u00f3n m\u00e9dica por diversas heridas cortantes y con signos de abuso sexual; sin embargo, lamentablemente falleci\u00f3 a las 04:22 horas, no sin antes haber se\u00f1alado al hoy detenido como el responsable de la violaci\u00f3n y lesiones sufridas.<\/p>\n\n\n\n<p>Ya se est\u00e1 a la espera de que se lleve a cabo la audiencia de imputaci\u00f3n toda vez que ya se ejecut\u00f3 la orden de aprehensi\u00f3n y se mantendr\u00e1 informada a la opini\u00f3n p\u00fablica.<\/p>\n","protected":false},"excerpt":{"rendered":"<p>Hermosillo, Sonora a 29 de agosto de 2024.-\u00a0La Fiscal\u00eda General de Justicia del Estado de Sonora (FGJES), a trav\u00e9s de elementos de la Agencia Ministerial de Investigaci\u00f3n Criminal (AMIC), captur\u00f3 a Jos\u00e9 Lorenzo \u201cN\u201d, de 19 a\u00f1os, por su probable responsabilidad en el feminicidio de Nayeli \u201cN\u201d, de 30 a\u00f1os, ocurrido el pasado 28 de [&hellip;]<\/p>\n","protected":false},"author":1,"featured_media":8117,"comment_status":"open","ping_status":"open","sticky":false,"template":"","format":"standard","meta":{"footnotes":""},"categories":[34,32,39],"tags":[],"class_list":["post-8116","post","type-post","status-publish","format-standard","has-post-thumbnail","hentry","category-general","category-policiaca","category-politica"],"_links":{"self":[{"href":"https:\/\/elreporterodelacomunidad.com\/index.php\/wp-json\/wp\/v2\/posts\/8116","targetHints":{"allow":["GET"]}}],"collection":[{"href":"https:\/\/elreporterodelacomunidad.com\/index.php\/wp-json\/wp\/v2\/posts"}],"about":[{"href":"https:\/\/elreporterodelacomunidad.com\/index.php\/wp-json\/wp\/v2\/types\/post"}],"author":[{"embeddable":true,"href":"https:\/\/elreporterodelacomunidad.com\/index.php\/wp-json\/wp\/v2\/users\/1"}],"replies":[{"embeddable":true,"href":"https:\/\/elreporterodelacomunidad.com\/index.php\/wp-json\/wp\/v2\/comments?post=8116"}],"version-history":[{"count":1,"href":"https:\/\/elreporterodelacomunidad.com\/index.php\/wp-json\/wp\/v2\/posts\/8116\/revisions"}],"predecessor-version":[{"id":8118,"href":"https:\/\/elreporterodelacomunidad.com\/index.php\/wp-json\/wp\/v2\/posts\/8116\/revisions\/8118"}],"wp:featuredmedia":[{"embeddable":true,"href":"https:\/\/elreporterodelacomunidad.com\/index.php\/wp-json\/wp\/v2\/media\/8117"}],"wp:attachment":[{"href":"https:\/\/elreporterodelacomunidad.com\/index.php\/wp-json\/wp\/v2\/media?parent=8116"}],"wp:term":[{"taxonomy":"category","embeddable":true,"href":"https:\/\/elreporterodelacomunidad.com\/index.php\/wp-json\/wp\/v2\/categories?post=8116"},{"taxonomy":"post_tag","embeddable":true,"href":"https:\/\/elreporterodelacomunidad.com\/index.php\/wp-json\/wp\/v2\/tags?post=8116"}],"curies":[{"name":"wp","href":"https:\/\/api.w.org\/{rel}","templated":true}]}}