{"id":8099,"date":"2024-08-28T20:53:41","date_gmt":"2024-08-29T03:53:41","guid":{"rendered":"https:\/\/elreporterodelacomunidad.com\/?p=8099"},"modified":"2024-08-28T20:53:46","modified_gmt":"2024-08-29T03:53:46","slug":"encuentran-sin-vida-al-ganadero-alejandro-morales-aguilar-en-un-rancho-de-querobabi","status":"publish","type":"post","link":"https:\/\/elreporterodelacomunidad.com\/index.php\/2024\/08\/28\/encuentran-sin-vida-al-ganadero-alejandro-morales-aguilar-en-un-rancho-de-querobabi\/","title":{"rendered":"Encuentran sin vida al ganadero Alejandro Morales Aguilar en un rancho de Querobabi."},"content":{"rendered":"\n<p>El hallazgo ocurri\u00f3 anoche en el rancho Agua Blanca, localizado cerca de Querobabi, donde presuntamente fue interceptado por un grupo armado junto con un vaquero, quien logr\u00f3 escapar de sus captores.<\/p>\n\n\n\n<p>Hermosillo, Sonora a 28 de agosto del 2024.- Con signos de violencia y sin vida fue localizado ayer el cuerpo del ganadero sonorense Alejandro Morales Aguilar, en un rancho cercano al ret\u00e9n militar de Querobabi, al Norte del Estado.<\/p>\n\n\n\n<p>El hallazgo ocurri\u00f3 anoche en el rancho Agua Blanca, localizado cerca de Querobabi, donde presuntamente fue interceptado por un grupo armado junto con un vaquero, quien logr\u00f3 escapar de sus captores.<\/p>\n\n\n\n<p>De los hechos tuvo conocimiento el agente del Ministerio P\u00fablico, quien orden\u00f3 que el cuerpo fuera llevado a Medicina Legal para determinar qu\u00e9 tipo de heridas presentaba.<\/p>\n\n\n\n<p>En tanto, elementos de la Agencia Ministerial de Investigaci\u00f3n Criminal iniciaron la indagatoria para ubicar a los asesinos.<\/p>\n","protected":false},"excerpt":{"rendered":"<p>El hallazgo ocurri\u00f3 anoche en el rancho Agua Blanca, localizado cerca de Querobabi, donde presuntamente fue interceptado por un grupo armado junto con un vaquero, quien logr\u00f3 escapar de sus captores. Hermosillo, Sonora a 28 de agosto del 2024.- Con signos de violencia y sin vida fue localizado ayer el cuerpo del ganadero sonorense Alejandro [&hellip;]<\/p>\n","protected":false},"author":1,"featured_media":8100,"comment_status":"open","ping_status":"open","sticky":false,"template":"","format":"standard","meta":{"footnotes":""},"categories":[32,39,26],"tags":[],"class_list":["post-8099","post","type-post","status-publish","format-standard","has-post-thumbnail","hentry","category-policiaca","category-politica","category-principal"],"_links":{"self":[{"href":"https:\/\/elreporterodelacomunidad.com\/index.php\/wp-json\/wp\/v2\/posts\/8099","targetHints":{"allow":["GET"]}}],"collection":[{"href":"https:\/\/elreporterodelacomunidad.com\/index.php\/wp-json\/wp\/v2\/posts"}],"about":[{"href":"https:\/\/elreporterodelacomunidad.com\/index.php\/wp-json\/wp\/v2\/types\/post"}],"author":[{"embeddable":true,"href":"https:\/\/elreporterodelacomunidad.com\/index.php\/wp-json\/wp\/v2\/users\/1"}],"replies":[{"embeddable":true,"href":"https:\/\/elreporterodelacomunidad.com\/index.php\/wp-json\/wp\/v2\/comments?post=8099"}],"version-history":[{"count":1,"href":"https:\/\/elreporterodelacomunidad.com\/index.php\/wp-json\/wp\/v2\/posts\/8099\/revisions"}],"predecessor-version":[{"id":8101,"href":"https:\/\/elreporterodelacomunidad.com\/index.php\/wp-json\/wp\/v2\/posts\/8099\/revisions\/8101"}],"wp:featuredmedia":[{"embeddable":true,"href":"https:\/\/elreporterodelacomunidad.com\/index.php\/wp-json\/wp\/v2\/media\/8100"}],"wp:attachment":[{"href":"https:\/\/elreporterodelacomunidad.com\/index.php\/wp-json\/wp\/v2\/media?parent=8099"}],"wp:term":[{"taxonomy":"category","embeddable":true,"href":"https:\/\/elreporterodelacomunidad.com\/index.php\/wp-json\/wp\/v2\/categories?post=8099"},{"taxonomy":"post_tag","embeddable":true,"href":"https:\/\/elreporterodelacomunidad.com\/index.php\/wp-json\/wp\/v2\/tags?post=8099"}],"curies":[{"name":"wp","href":"https:\/\/api.w.org\/{rel}","templated":true}]}}