{"id":8065,"date":"2024-08-28T15:40:46","date_gmt":"2024-08-28T22:40:46","guid":{"rendered":"https:\/\/elreporterodelacomunidad.com\/?p=8065"},"modified":"2024-08-28T15:40:48","modified_gmt":"2024-08-28T22:40:48","slug":"aprehende-fgjes-a-rita-isela-n-por-lesiones-culposas-y-abandono-de-persona-en-agravio-de-menor-de-7-anos","status":"publish","type":"post","link":"https:\/\/elreporterodelacomunidad.com\/index.php\/2024\/08\/28\/aprehende-fgjes-a-rita-isela-n-por-lesiones-culposas-y-abandono-de-persona-en-agravio-de-menor-de-7-anos\/","title":{"rendered":"Aprehende FGJES a Rita Isela \u201cN\u201d por lesiones culposas y abandono de persona en agravio de menor de 7 a\u00f1os."},"content":{"rendered":"\n<p><\/p>\n\n\n\n<p><strong>Hermosillo, Sonora a 28 de agosto de 2024.-<\/strong>\u00a0La Fiscal\u00eda General de Justicia del Estado de Sonora (FGJES) cumpliment\u00f3 una orden de aprehensi\u00f3n contra Rita Isela \u201cN\u201d y asegur\u00f3 un veh\u00edculo, tras realizar un cateo en Hermosillo, por su probable responsabilidad en los delitos de lesiones culposas derivadas de hechos de tr\u00e1nsito y abandono de persona, en agravio de un menor de 7 a\u00f1os.<\/p>\n\n\n\n<p>Derivado de diversos actos de investigaci\u00f3n, se estableci\u00f3 en la carpeta correspondiente que, el pasado 26 de agosto, aproximadamente a las 19:40 horas, la mujer conduc\u00eda un veh\u00edculo Nissan Sentra, color blanco, modelo 2001, por la calle Sierra de las Huertas, en la colonia Solidaridad, al norte de Hermosillo.<\/p>\n\n\n\n<p>El peritaje de causalidad del tr\u00e1nsito determin\u00f3 que al llegar al cruce con la calle Cerro del Centinela, la conductora no tom\u00f3 las medidas de seguridad necesarias y, sin la debida precauci\u00f3n, realiz\u00f3 una maniobra incorrecta hacia su derecha, invadiendo la zona de estacionamiento donde se encontraba la v\u00edctima.<\/p>\n\n\n\n<p><img loading=\"lazy\" decoding=\"async\" width=\"500\" height=\"375\" class=\"wp-image-8067\" style=\"width: 500px;\" src=\"https:\/\/elreporterodelacomunidad.com\/storage\/2024\/08\/FGJEhmo28082024a.jpeg\" alt=\"\" srcset=\"https:\/\/elreporterodelacomunidad.com\/wp-content\/uploads\/2024\/08\/FGJEhmo28082024a.jpeg 1600w, https:\/\/elreporterodelacomunidad.com\/wp-content\/uploads\/2024\/08\/FGJEhmo28082024a-300x225.jpeg 300w, https:\/\/elreporterodelacomunidad.com\/wp-content\/uploads\/2024\/08\/FGJEhmo28082024a-1024x768.jpeg 1024w, https:\/\/elreporterodelacomunidad.com\/wp-content\/uploads\/2024\/08\/FGJEhmo28082024a-768x576.jpeg 768w, https:\/\/elreporterodelacomunidad.com\/wp-content\/uploads\/2024\/08\/FGJEhmo28082024a-1536x1152.jpeg 1536w, https:\/\/elreporterodelacomunidad.com\/wp-content\/uploads\/2024\/08\/FGJEhmo28082024a-750x563.jpeg 750w, https:\/\/elreporterodelacomunidad.com\/wp-content\/uploads\/2024\/08\/FGJEhmo28082024a-1140x855.jpeg 1140w\" sizes=\"auto, (max-width: 500px) 100vw, 500px\" \/><\/p>\n\n\n\n<p>El menor, estudiante de primaria, fue impactado por el veh\u00edculo, lo que provoc\u00f3 que saliera proyectado hasta caer sobre el pavimento, sufriendo lesiones que, aunque no ponen en peligro su vida, dejar\u00e1n cicatrices permanentes y requieren m\u00e1s de 15 d\u00edas para sanar.<\/p>\n\n\n\n<p>Tras el incidente, la conductora huy\u00f3 del lugar sin prestar o facilitar ning\u00fan tipo de asistencia al menor, ni dar aviso a los servicios de emergencia.<\/p>\n\n\n\n<p>Con la participaci\u00f3n de personal de Servicios Periciales y elementos de la Agencia Ministerial de Investigaci\u00f3n Criminal (AMIC), se llev\u00f3 a cabo el cateo a las 23:07 horas del pasado 27 de agosto en un domicilio ubicado en la calle Sierra de los Mochomos y Cofre de Perote, en la misma colonia Solidaridad, donde se logr\u00f3 la aprehensi\u00f3n de Rita Isela \u201cN\u201d y el aseguramiento del veh\u00edculo.<\/p>\n\n\n\n<p>Posteriormente, la mujer fue ingresada al Centro de Reinserci\u00f3n Social (CERESO), donde qued\u00f3 a disposici\u00f3n del Juez, quien determinar\u00e1 su situaci\u00f3n jur\u00eddica en la audiencia respectiva.<\/p>\n","protected":false},"excerpt":{"rendered":"<p>Hermosillo, Sonora a 28 de agosto de 2024.-\u00a0La Fiscal\u00eda General de Justicia del Estado de Sonora (FGJES) cumpliment\u00f3 una orden de aprehensi\u00f3n contra Rita Isela \u201cN\u201d y asegur\u00f3 un veh\u00edculo, tras realizar un cateo en Hermosillo, por su probable responsabilidad en los delitos de lesiones culposas derivadas de hechos de tr\u00e1nsito y abandono de persona, [&hellip;]<\/p>\n","protected":false},"author":1,"featured_media":8066,"comment_status":"open","ping_status":"open","sticky":false,"template":"","format":"standard","meta":{"footnotes":""},"categories":[32,39,26],"tags":[],"class_list":["post-8065","post","type-post","status-publish","format-standard","has-post-thumbnail","hentry","category-policiaca","category-politica","category-principal"],"_links":{"self":[{"href":"https:\/\/elreporterodelacomunidad.com\/index.php\/wp-json\/wp\/v2\/posts\/8065","targetHints":{"allow":["GET"]}}],"collection":[{"href":"https:\/\/elreporterodelacomunidad.com\/index.php\/wp-json\/wp\/v2\/posts"}],"about":[{"href":"https:\/\/elreporterodelacomunidad.com\/index.php\/wp-json\/wp\/v2\/types\/post"}],"author":[{"embeddable":true,"href":"https:\/\/elreporterodelacomunidad.com\/index.php\/wp-json\/wp\/v2\/users\/1"}],"replies":[{"embeddable":true,"href":"https:\/\/elreporterodelacomunidad.com\/index.php\/wp-json\/wp\/v2\/comments?post=8065"}],"version-history":[{"count":1,"href":"https:\/\/elreporterodelacomunidad.com\/index.php\/wp-json\/wp\/v2\/posts\/8065\/revisions"}],"predecessor-version":[{"id":8068,"href":"https:\/\/elreporterodelacomunidad.com\/index.php\/wp-json\/wp\/v2\/posts\/8065\/revisions\/8068"}],"wp:featuredmedia":[{"embeddable":true,"href":"https:\/\/elreporterodelacomunidad.com\/index.php\/wp-json\/wp\/v2\/media\/8066"}],"wp:attachment":[{"href":"https:\/\/elreporterodelacomunidad.com\/index.php\/wp-json\/wp\/v2\/media?parent=8065"}],"wp:term":[{"taxonomy":"category","embeddable":true,"href":"https:\/\/elreporterodelacomunidad.com\/index.php\/wp-json\/wp\/v2\/categories?post=8065"},{"taxonomy":"post_tag","embeddable":true,"href":"https:\/\/elreporterodelacomunidad.com\/index.php\/wp-json\/wp\/v2\/tags?post=8065"}],"curies":[{"name":"wp","href":"https:\/\/api.w.org\/{rel}","templated":true}]}}