{"id":8027,"date":"2024-08-27T20:15:33","date_gmt":"2024-08-28T03:15:33","guid":{"rendered":"https:\/\/elreporterodelacomunidad.com\/?p=8027"},"modified":"2024-08-27T20:15:38","modified_gmt":"2024-08-28T03:15:38","slug":"carlos-ahumada-queda-en-libertad-delito-de-fraude-prescribio-agradezco-que-haya-resuelto-en-apego-a-derecho","status":"publish","type":"post","link":"https:\/\/elreporterodelacomunidad.com\/index.php\/2024\/08\/27\/carlos-ahumada-queda-en-libertad-delito-de-fraude-prescribio-agradezco-que-haya-resuelto-en-apego-a-derecho\/","title":{"rendered":"Carlos Ahumada queda en libertad, delito de fraude prescribi\u00f3: \u201cagradezco que haya resuelto en apego a derecho\u201d."},"content":{"rendered":"\n<p>La Fiscal\u00eda General de Justicia de la Ciudad de M\u00e9xico inform\u00f3 sobre la pena pendiente del empresario tras su arribo a la Ciudad de M\u00e9xico.<\/p>\n\n\n\n<p>Ciudad de M\u00e9xico a 27 de agosto del 2024.- Un juez de ejecuci\u00f3n con sede en el reclusorio Norte determin\u00f3 la prescripci\u00f3n del delito de fraude gen\u00e9rico contra Carlos Ahumada, por lo que el empresario permanecer\u00e1 en libertad y regresar\u00e1 a Argentina, adem\u00e1s de que al finalizar la audiencia agradeci\u00f3 al juzgador por \u201chaber resuelto en estricto apego a derecho\u201d.<\/p>\n\n\n\n<p>En una audiencia de alrededor de tres horas, el juzgador Rub\u00e9n God\u00ednez Cer\u00f3n resolvi\u00f3 que el empresario no deber\u00e1 cumplir el a\u00f1o, 10 meses y 23 d\u00edas y tampoco la reparaci\u00f3n del da\u00f1o de 26 millones que acusaba la Fiscal\u00eda General de Justicia (FGJ) de la Ciudad de M\u00e9xico, ya que esta \u00faltima tambi\u00e9n qued\u00f3 prescrita.<\/p>\n\n\n\n<p>Al finalizar la audiencia, el empresario argentino tom\u00f3 la palabra y agradeci\u00f3 al juzgador de la causa por haber resuelto conforme a derecho y declarar prescrito el se\u00f1alamiento de la Fiscal\u00eda.<\/p>\n\n\n\n<p>\u201cLe agradezco que usted haya resuelto en estricto apego a derecho\u201d, dijo Ahumada al finalizar la diligencia.<\/p>\n\n\n\n<p>\u00bfQu\u00e9 pas\u00f3 tras el t\u00e9rmino de la audiencia?<\/p>\n\n\n\n<p>Al salir de los juzgados, Carlos Ahumada no dio declaraciones y se retir\u00f3 en compa\u00f1\u00eda de su hijo Carlos Emiliano.<\/p>\n\n\n\n<p>El abogado Enrique Ostos detall\u00f3 que su cliente regresar\u00e1 a su natal Argentina para continuar su vida laboral al asegurar que no tiene ning\u00fan otro proceso en su contra en M\u00e9xico.<\/p>\n\n\n\n<p>Explic\u00f3 que en la comparecencia, el juez se\u00f1al\u00f3 de omisos a los ministerios p\u00fablicos de la fiscal\u00eda al no realizar los tr\u00e1mites debidos para el cobro de la reparaci\u00f3n del da\u00f1o de 26 millones de pesos por la sentencia impuesta en 2009, por lo que tambi\u00e9n la declar\u00f3 prescrita.<\/p>\n\n\n\n<p>\u201cLes dijo el juez con todo respeto ustedes fueron omisos, recalc\u00f3 mucho la palabra omisi\u00f3n porque debieron realizar los tr\u00e1mites a partir de una audiencia que hubo con un juez de ejecuci\u00f3n dentro de esta carpeta, pero con un juez de ejecuci\u00f3n anterior\u201d.<\/p>\n\n\n\n<p>\u201cUstedes tuvieron el tiempo necesario para realizar tr\u00e1mites legales para lograr pago de la reparaci\u00f3n del da\u00f1o de 26 millones de pesos, al no haberlo hecho no me queda m\u00e1s que declarar prescrita la sanci\u00f3n pecuniaria por la omisi\u00f3n de todos ustedes\u201d, explic\u00f3.<\/p>\n\n\n\n<p>El litigante a\u00f1adi\u00f3 que la fiscal\u00eda capitalina a\u00fan puede presentar una apelaci\u00f3n, pero reiter\u00f3 que su cliente cuenta con una suspensi\u00f3n definitiva que frena de manera indefinida cualquier orden de reaprehensi\u00f3n o de captura que exista tanto en el orden local como en el federal.<\/p>\n\n\n\n<p>Ahumada sale de su audiencia<\/p>\n\n\n\n<p>\u00bfQu\u00e9 es el delito de fraude gen\u00e9rico por el que acusan a Carlos Ahumada?<\/p>\n\n\n\n<p>Seg\u00fan el C\u00f3digo Penal Federal, el fraude gen\u00e9rico se refiere a la obtenci\u00f3n de una ventaja o beneficio econ\u00f3mico mediante enga\u00f1os, mentiras o manipulaciones.<\/p>\n\n\n\n<p>Art\u00edculo 386: \u201cComete el delito de fraude el que enga\u00f1ando a uno o aprovech\u00e1ndose del error en que \u00e9ste se halla se hace il\u00edcitamente de alguna cosa o alcanza un lucro indebido\u201d.<\/p>\n\n\n\n<p>\u00bfCu\u00e1les son los tipos de fraudes gen\u00e9ricos?<\/p>\n\n\n\n<p>Fraude documental.<\/p>\n\n\n\n<p>Fraude electr\u00f3nico.<\/p>\n\n\n\n<p>Fraude financiero.<\/p>\n\n\n\n<p>Fraude comercial.<\/p>\n\n\n\n<p>Fraude de identidad.<\/p>\n\n\n\n<p>Se considera que una persona comete fraude en caso de falsificar documentos, usar informaci\u00f3n falsa, ocultar informaci\u00f3n, manipular datos o incurrir en abuso de confianza, por lo que las penas y castigo dependen de la forma en la que se haya cometido el delito.<\/p>\n\n\n\n<p>En el caso de Carlos Ahumada, al empresario argentino se le acus\u00f3 de fraude gen\u00e9rico por presuntamente obtener beneficios econ\u00f3micos mediante enga\u00f1os y manipulaciones.<\/p>\n\n\n\n<p>\u00bfCu\u00e1l es la pena por fraude gen\u00e9rico?<\/p>\n\n\n\n<p>Como se mencion\u00f3 anteriormente, las penas por el delito de fraude var\u00edan de acuerdo a la modalidad y delitos que el infractor comete para lograr sus objetivos; sin embargo, el C\u00f3digo Penal Federal establece que estas multas tambi\u00e9n son proporcionales al valor de lo defraudado.<\/p>\n\n\n\n<p>Cuando el valor de lo defraudado no exceda de diez veces el salario m\u00ednimo la sanci\u00f3n ser\u00e1 de tres d\u00edas a seis meses de prisi\u00f3n, con multas de 30 a 180 d\u00edas.<\/p>\n\n\n\n<p>Con prisi\u00f3n de seis meses a tres a\u00f1os, y multa de 10 a 100 veces el salario, cuando el valor de lo defraudado excediera de 10, pero no de 500 veces el salario.<\/p>\n\n\n\n<p>Con prisi\u00f3n de tres a 12 a\u00f1os, y multa hasta de 120 veces el salario, si el valor de lo defraudado es mayor de 500 veces el salario.<\/p>\n\n\n\n<p>Art\u00edculo 389: \u201cSe equipara al delito de fraude y se sancionar\u00e1 con prisi\u00f3n de seis meses a diez a\u00f1os y multa de cuatrocientos a cuatro mil pesos, el valerse del cargo que se ocupe en el gobierno, en una empresa descentralizada o de participaci\u00f3n estatal, o en cualquiera agrupaci\u00f3n de car\u00e1cter sindical, o de sus relaciones con los funcionarios o dirigentes de dichos organismos, para obtener dinero, valores, d\u00e1divas, obsequios o cualquier otro beneficio, a cambio de prometer o proporcionar un trabajo, un ascenso o aumento de salario en tales organismos\u201d.<\/p>\n\n\n\n<p>Extradici\u00f3n de Carlos Ahumada<\/p>\n\n\n\n<p>\u00bfCu\u00e1ndo lleg\u00f3 a la Ciudad de M\u00e9xico Carlos Ahumada?<\/p>\n\n\n\n<p>Carlos Agust\u00edn Ahumada Kurtz arrib\u00f3 al aeropuerto de la Ciudad de M\u00e9xico el martes 16 de julio, luego de haber estado preso en Argentina tras una sentencia que un juez le impuso por haber cometido el delito de fraude gen\u00e9rico.<\/p>\n","protected":false},"excerpt":{"rendered":"<p>La Fiscal\u00eda General de Justicia de la Ciudad de M\u00e9xico inform\u00f3 sobre la pena pendiente del empresario tras su arribo a la Ciudad de M\u00e9xico. Ciudad de M\u00e9xico a 27 de agosto del 2024.- Un juez de ejecuci\u00f3n con sede en el reclusorio Norte determin\u00f3 la prescripci\u00f3n del delito de fraude gen\u00e9rico contra Carlos Ahumada, [&hellip;]<\/p>\n","protected":false},"author":1,"featured_media":8028,"comment_status":"open","ping_status":"open","sticky":false,"template":"","format":"standard","meta":{"footnotes":""},"categories":[32,39,26],"tags":[],"class_list":["post-8027","post","type-post","status-publish","format-standard","has-post-thumbnail","hentry","category-policiaca","category-politica","category-principal"],"_links":{"self":[{"href":"https:\/\/elreporterodelacomunidad.com\/index.php\/wp-json\/wp\/v2\/posts\/8027","targetHints":{"allow":["GET"]}}],"collection":[{"href":"https:\/\/elreporterodelacomunidad.com\/index.php\/wp-json\/wp\/v2\/posts"}],"about":[{"href":"https:\/\/elreporterodelacomunidad.com\/index.php\/wp-json\/wp\/v2\/types\/post"}],"author":[{"embeddable":true,"href":"https:\/\/elreporterodelacomunidad.com\/index.php\/wp-json\/wp\/v2\/users\/1"}],"replies":[{"embeddable":true,"href":"https:\/\/elreporterodelacomunidad.com\/index.php\/wp-json\/wp\/v2\/comments?post=8027"}],"version-history":[{"count":1,"href":"https:\/\/elreporterodelacomunidad.com\/index.php\/wp-json\/wp\/v2\/posts\/8027\/revisions"}],"predecessor-version":[{"id":8029,"href":"https:\/\/elreporterodelacomunidad.com\/index.php\/wp-json\/wp\/v2\/posts\/8027\/revisions\/8029"}],"wp:featuredmedia":[{"embeddable":true,"href":"https:\/\/elreporterodelacomunidad.com\/index.php\/wp-json\/wp\/v2\/media\/8028"}],"wp:attachment":[{"href":"https:\/\/elreporterodelacomunidad.com\/index.php\/wp-json\/wp\/v2\/media?parent=8027"}],"wp:term":[{"taxonomy":"category","embeddable":true,"href":"https:\/\/elreporterodelacomunidad.com\/index.php\/wp-json\/wp\/v2\/categories?post=8027"},{"taxonomy":"post_tag","embeddable":true,"href":"https:\/\/elreporterodelacomunidad.com\/index.php\/wp-json\/wp\/v2\/tags?post=8027"}],"curies":[{"name":"wp","href":"https:\/\/api.w.org\/{rel}","templated":true}]}}