{"id":7973,"date":"2024-08-26T20:33:04","date_gmt":"2024-08-27T03:33:04","guid":{"rendered":"https:\/\/elreporterodelacomunidad.com\/?p=7973"},"modified":"2024-08-26T20:33:08","modified_gmt":"2024-08-27T03:33:08","slug":"identifican-a-agresores-en-ataque-a-dos-mujeres-en-carretera-caborca-sonoyta","status":"publish","type":"post","link":"https:\/\/elreporterodelacomunidad.com\/index.php\/2024\/08\/26\/identifican-a-agresores-en-ataque-a-dos-mujeres-en-carretera-caborca-sonoyta\/","title":{"rendered":"Identifican a agresores en ataque a dos mujeres en carretera Caborca-Sonoyta."},"content":{"rendered":"\n<p>La agresi\u00f3n ocurri\u00f3 en la carretera Caborca-Sonoyta cuando el veh\u00edculo en el que viajaban fue atacado a balazos por hombres armados.<\/p>\n\n\n\n<p>Hermosillo, Sonora a 26 de agosto del 2024.- En las pr\u00f3ximas horas o en los siguientes d\u00edas se ejecutar\u00e1n las \u00f3rdenes de aprehensi\u00f3n a los sujetos que dispararon en contra de una familia que se trasladaba a bordo de un veh\u00edculo en la carretera Caborca-Sonoyta, donde dos mujeres murieron a consecuencia de las balas que recibieron.<\/p>\n\n\n\n<p>En entrevista, el gobernador Alfonso Durazo Monta\u00f1o declar\u00f3 que se tienen avances importantes en el caso, con la intenci\u00f3n de hacer justicia a las v\u00edctimas de ese acontecimiento.<\/p>\n\n\n\n<p>&#8220;Est\u00e1n claramente identificados los grupos que operan ah\u00ed. Hubo una informaci\u00f3n inicial equivocada. Las v\u00edctimas est\u00e1n identificadas, son originarias de Caborca. Ya tenemos asegurado el veh\u00edculo de los agresores, las armas de los agresores y tenemos las \u00f3rdenes de aprehensi\u00f3n&#8221;, asegur\u00f3.<\/p>\n\n\n\n<p>Las v\u00edctimas, quienes eran originarias de Caborca, pero radicaban en Arizona, fueron agredidas cuando viajaban en la unidad a la altura del kil\u00f3metro 221+500 de esa r\u00faa, sitio donde volcaron al perder el control del veh\u00edculo.<\/p>\n\n\n\n<p>Ha trascendido que las occisas respond\u00edan a los nombres de Enedina &#8220;N&#8221; de 72 a\u00f1os y Ubaldina &#8220;N&#8221; de 82 a\u00f1os, cuyo suceso ha generado molestia y frustraci\u00f3n en la poblaci\u00f3n sonorense.<\/p>\n\n\n\n<p>Al cuestion\u00e1rsele si es apto viajar por esa zona, dado a la serie de actos violentos que se han presentado en los \u00faltimos meses, principalmente entre bandas de la delincuencia organizada, respondi\u00f3:<\/p>\n\n\n\n<p>&#8220;Hay que hacerlo con el mayor cuidado posible, eso de manera natural, no solo aqu\u00ed en cualquier lugar del pa\u00eds y en cualquier pa\u00eds del mundo&#8221;.<\/p>\n\n\n\n<p>El pasado 20 de agosto se vivi\u00f3 una madrugada de terror en varias colonias de Caborca, al reportar los mismos ciudadanos en redes sociales una serie de enfrentamientos que dieron como resultado al menos una persona sin vida.<\/p>\n\n\n\n<p>A decir de las mismas autoridades, esa zona norte del estado vive una guerra entre los integrantes de organizaciones criminales que se disputan la ruta del tr\u00e1fico de migrantes y drogas hacia los Estados Unidos.<\/p>\n","protected":false},"excerpt":{"rendered":"<p>La agresi\u00f3n ocurri\u00f3 en la carretera Caborca-Sonoyta cuando el veh\u00edculo en el que viajaban fue atacado a balazos por hombres armados. Hermosillo, Sonora a 26 de agosto del 2024.- En las pr\u00f3ximas horas o en los siguientes d\u00edas se ejecutar\u00e1n las \u00f3rdenes de aprehensi\u00f3n a los sujetos que dispararon en contra de una familia que [&hellip;]<\/p>\n","protected":false},"author":1,"featured_media":7863,"comment_status":"open","ping_status":"open","sticky":false,"template":"","format":"standard","meta":{"footnotes":""},"categories":[32,39,26],"tags":[],"class_list":["post-7973","post","type-post","status-publish","format-standard","has-post-thumbnail","hentry","category-policiaca","category-politica","category-principal"],"_links":{"self":[{"href":"https:\/\/elreporterodelacomunidad.com\/index.php\/wp-json\/wp\/v2\/posts\/7973","targetHints":{"allow":["GET"]}}],"collection":[{"href":"https:\/\/elreporterodelacomunidad.com\/index.php\/wp-json\/wp\/v2\/posts"}],"about":[{"href":"https:\/\/elreporterodelacomunidad.com\/index.php\/wp-json\/wp\/v2\/types\/post"}],"author":[{"embeddable":true,"href":"https:\/\/elreporterodelacomunidad.com\/index.php\/wp-json\/wp\/v2\/users\/1"}],"replies":[{"embeddable":true,"href":"https:\/\/elreporterodelacomunidad.com\/index.php\/wp-json\/wp\/v2\/comments?post=7973"}],"version-history":[{"count":1,"href":"https:\/\/elreporterodelacomunidad.com\/index.php\/wp-json\/wp\/v2\/posts\/7973\/revisions"}],"predecessor-version":[{"id":7974,"href":"https:\/\/elreporterodelacomunidad.com\/index.php\/wp-json\/wp\/v2\/posts\/7973\/revisions\/7974"}],"wp:featuredmedia":[{"embeddable":true,"href":"https:\/\/elreporterodelacomunidad.com\/index.php\/wp-json\/wp\/v2\/media\/7863"}],"wp:attachment":[{"href":"https:\/\/elreporterodelacomunidad.com\/index.php\/wp-json\/wp\/v2\/media?parent=7973"}],"wp:term":[{"taxonomy":"category","embeddable":true,"href":"https:\/\/elreporterodelacomunidad.com\/index.php\/wp-json\/wp\/v2\/categories?post=7973"},{"taxonomy":"post_tag","embeddable":true,"href":"https:\/\/elreporterodelacomunidad.com\/index.php\/wp-json\/wp\/v2\/tags?post=7973"}],"curies":[{"name":"wp","href":"https:\/\/api.w.org\/{rel}","templated":true}]}}