{"id":7945,"date":"2024-08-26T19:06:08","date_gmt":"2024-08-27T02:06:08","guid":{"rendered":"https:\/\/elreporterodelacomunidad.com\/?p=7945"},"modified":"2024-08-26T19:06:10","modified_gmt":"2024-08-27T02:06:10","slug":"rescatan-policia-y-bomberos-a-mujer-tras-caer-en-una-alcantarilla-pluvial","status":"publish","type":"post","link":"https:\/\/elreporterodelacomunidad.com\/index.php\/2024\/08\/26\/rescatan-policia-y-bomberos-a-mujer-tras-caer-en-una-alcantarilla-pluvial\/","title":{"rendered":"Rescatan Polic\u00eda y Bomberos a mujer tras caer en una alcantarilla pluvial."},"content":{"rendered":"\n<p>El incidente ocurri\u00f3 la ma\u00f1ana de este lunes en la intersecci\u00f3n del bulevar Garc\u00eda Morales y Chanate, al poniente de la ciudad.<\/p>\n\n\n\n<p>Hermosillo, Sonora a 26 de agosto del 2024.- En un operativo conjunto, elementos de la Polic\u00eda Municipal y del Departamento de Bomberos de Hermosillo lograron rescatar a una mujer que cay\u00f3 en una alcantarilla pluvial.<\/p>\n\n\n\n<p>El incidente ocurri\u00f3 la ma\u00f1ana de este lunes en la intersecci\u00f3n del bulevar Garc\u00eda Morales y Chanate, al poniente de la ciudad, cuando la mujer sufri\u00f3 la ca\u00edda mientras transitaba por la zona.<\/p>\n\n\n\n<p>Los oficiales Torres Soto y Marcial Grajales, quienes atendieron el llamado de emergencia, coordinaron el rescate con el apoyo de bomberos, quienes tuvieron que utilizar herramientas para liberarla.<\/p>\n\n\n\n<p>Gracias a la r\u00e1pida y efectiva intervenci\u00f3n de los cuerpos de emergencia, la mujer fue rescatada de la alcantarilla sin mayores complicaciones.<\/p>\n","protected":false},"excerpt":{"rendered":"<p>El incidente ocurri\u00f3 la ma\u00f1ana de este lunes en la intersecci\u00f3n del bulevar Garc\u00eda Morales y Chanate, al poniente de la ciudad. Hermosillo, Sonora a 26 de agosto del 2024.- En un operativo conjunto, elementos de la Polic\u00eda Municipal y del Departamento de Bomberos de Hermosillo lograron rescatar a una mujer que cay\u00f3 en una [&hellip;]<\/p>\n","protected":false},"author":1,"featured_media":7946,"comment_status":"open","ping_status":"open","sticky":false,"template":"","format":"standard","meta":{"footnotes":""},"categories":[32,39],"tags":[],"class_list":["post-7945","post","type-post","status-publish","format-standard","has-post-thumbnail","hentry","category-policiaca","category-politica"],"_links":{"self":[{"href":"https:\/\/elreporterodelacomunidad.com\/index.php\/wp-json\/wp\/v2\/posts\/7945","targetHints":{"allow":["GET"]}}],"collection":[{"href":"https:\/\/elreporterodelacomunidad.com\/index.php\/wp-json\/wp\/v2\/posts"}],"about":[{"href":"https:\/\/elreporterodelacomunidad.com\/index.php\/wp-json\/wp\/v2\/types\/post"}],"author":[{"embeddable":true,"href":"https:\/\/elreporterodelacomunidad.com\/index.php\/wp-json\/wp\/v2\/users\/1"}],"replies":[{"embeddable":true,"href":"https:\/\/elreporterodelacomunidad.com\/index.php\/wp-json\/wp\/v2\/comments?post=7945"}],"version-history":[{"count":1,"href":"https:\/\/elreporterodelacomunidad.com\/index.php\/wp-json\/wp\/v2\/posts\/7945\/revisions"}],"predecessor-version":[{"id":7947,"href":"https:\/\/elreporterodelacomunidad.com\/index.php\/wp-json\/wp\/v2\/posts\/7945\/revisions\/7947"}],"wp:featuredmedia":[{"embeddable":true,"href":"https:\/\/elreporterodelacomunidad.com\/index.php\/wp-json\/wp\/v2\/media\/7946"}],"wp:attachment":[{"href":"https:\/\/elreporterodelacomunidad.com\/index.php\/wp-json\/wp\/v2\/media?parent=7945"}],"wp:term":[{"taxonomy":"category","embeddable":true,"href":"https:\/\/elreporterodelacomunidad.com\/index.php\/wp-json\/wp\/v2\/categories?post=7945"},{"taxonomy":"post_tag","embeddable":true,"href":"https:\/\/elreporterodelacomunidad.com\/index.php\/wp-json\/wp\/v2\/tags?post=7945"}],"curies":[{"name":"wp","href":"https:\/\/api.w.org\/{rel}","templated":true}]}}