{"id":7917,"date":"2024-08-26T13:21:09","date_gmt":"2024-08-26T20:21:09","guid":{"rendered":"https:\/\/elreporterodelacomunidad.com\/?p=7917"},"modified":"2024-08-26T13:21:11","modified_gmt":"2024-08-26T20:21:11","slug":"grupo-de-hombres-asalta-a-joven-y-le-quita-su-vehiculo-en-la-carretera-a-kino","status":"publish","type":"post","link":"https:\/\/elreporterodelacomunidad.com\/index.php\/2024\/08\/26\/grupo-de-hombres-asalta-a-joven-y-le-quita-su-vehiculo-en-la-carretera-a-kino\/","title":{"rendered":"Grupo de hombres asalta a joven y le quita su veh\u00edculo en la carretera a Kino."},"content":{"rendered":"\n<p>Un joven se dirig\u00eda a vender su veh\u00edculo cuando fue interceptado por un grupo de hombres que lo despoj\u00f3 de su auto.<\/p>\n\n\n\n<p>Hermosillo, Sonora a 26 de agosto del 2024.- Un menor de edad que intentaba vender su veh\u00edculo termin\u00f3 siendo apu\u00f1alado en la carretera Hermosillo &#8211; Bah\u00eda de Kino durante la tarde del pasado domingo.<\/p>\n\n\n\n<p>De acuerdo con informaci\u00f3n de la Polic\u00eda Municipal, eran aproximadamente las 13:45 horas del pasado 25 de agosto, cuando el adolescente de 17 a\u00f1os fue herido con arma blanca en el kil\u00f3metro 17 de la Carretera 100 Estatal.<\/p>\n\n\n\n<p>El parte policial indic\u00f3 que al menor de edad le provocaron heridas cortantes tanto en el t\u00f3rax como en el brazo izquierdo, aparentemente con un arma punzocortante.<\/p>\n\n\n\n<p>Asimismo, la madre del joven, de 46 a\u00f1os, cont\u00f3 que su hijo se dirig\u00eda a vender su veh\u00edculo, de la marca Chevrolet, l\u00ednea Camaro, de color negro, modelo 2014, cuando fue interceptado por varios sujetos.<\/p>\n\n\n\n<p>Relat\u00f3 que en el momento en que se vio acorralado por el grupo de hombres, estos procedieron a agredirlo con arma blanca y despu\u00e9s despojarlo del veh\u00edculo para luego darse a la fuga.<\/p>\n\n\n\n<p>Hasta el momento, las autoridades no han reportado la detenci\u00f3n de las personas presuntamente responsables del robo con violencia y lesiones en contra del menor de edad.<\/p>\n\n\n\n<p>\u00bfC\u00f3mo van las cifras de robos a veh\u00edculos?<\/p>\n\n\n\n<p>Entre enero y julio de este 2024, el Observatorio Sonora por la Seguridad destac\u00f3 que se han abierto un total 862 carpetas de investigaci\u00f3n por este delitos, de los cuales, solamente 105 se reportaron durante el pasado mes de julio.<\/p>\n\n\n\n<p>A esto cabe agregar que durante el mismo periodo pero del 2023, se reportaron un total de 879 carpetas de investigaci\u00f3n abiertas por el mismo delito, por lo que se ha registrado un reducci\u00f3n de 1.93% en el n\u00famero de casos, en comparaci\u00f3n con este a\u00f1o.<\/p>\n","protected":false},"excerpt":{"rendered":"<p>Un joven se dirig\u00eda a vender su veh\u00edculo cuando fue interceptado por un grupo de hombres que lo despoj\u00f3 de su auto. Hermosillo, Sonora a 26 de agosto del 2024.- Un menor de edad que intentaba vender su veh\u00edculo termin\u00f3 siendo apu\u00f1alado en la carretera Hermosillo &#8211; Bah\u00eda de Kino durante la tarde del pasado [&hellip;]<\/p>\n","protected":false},"author":1,"featured_media":7918,"comment_status":"open","ping_status":"open","sticky":false,"template":"","format":"standard","meta":{"footnotes":""},"categories":[32,39,26],"tags":[],"class_list":["post-7917","post","type-post","status-publish","format-standard","has-post-thumbnail","hentry","category-policiaca","category-politica","category-principal"],"_links":{"self":[{"href":"https:\/\/elreporterodelacomunidad.com\/index.php\/wp-json\/wp\/v2\/posts\/7917","targetHints":{"allow":["GET"]}}],"collection":[{"href":"https:\/\/elreporterodelacomunidad.com\/index.php\/wp-json\/wp\/v2\/posts"}],"about":[{"href":"https:\/\/elreporterodelacomunidad.com\/index.php\/wp-json\/wp\/v2\/types\/post"}],"author":[{"embeddable":true,"href":"https:\/\/elreporterodelacomunidad.com\/index.php\/wp-json\/wp\/v2\/users\/1"}],"replies":[{"embeddable":true,"href":"https:\/\/elreporterodelacomunidad.com\/index.php\/wp-json\/wp\/v2\/comments?post=7917"}],"version-history":[{"count":1,"href":"https:\/\/elreporterodelacomunidad.com\/index.php\/wp-json\/wp\/v2\/posts\/7917\/revisions"}],"predecessor-version":[{"id":7919,"href":"https:\/\/elreporterodelacomunidad.com\/index.php\/wp-json\/wp\/v2\/posts\/7917\/revisions\/7919"}],"wp:featuredmedia":[{"embeddable":true,"href":"https:\/\/elreporterodelacomunidad.com\/index.php\/wp-json\/wp\/v2\/media\/7918"}],"wp:attachment":[{"href":"https:\/\/elreporterodelacomunidad.com\/index.php\/wp-json\/wp\/v2\/media?parent=7917"}],"wp:term":[{"taxonomy":"category","embeddable":true,"href":"https:\/\/elreporterodelacomunidad.com\/index.php\/wp-json\/wp\/v2\/categories?post=7917"},{"taxonomy":"post_tag","embeddable":true,"href":"https:\/\/elreporterodelacomunidad.com\/index.php\/wp-json\/wp\/v2\/tags?post=7917"}],"curies":[{"name":"wp","href":"https:\/\/api.w.org\/{rel}","templated":true}]}}