{"id":7911,"date":"2024-08-26T13:14:10","date_gmt":"2024-08-26T20:14:10","guid":{"rendered":"https:\/\/elreporterodelacomunidad.com\/?p=7911"},"modified":"2024-08-26T13:14:12","modified_gmt":"2024-08-26T20:14:12","slug":"sentencia-de-80-anos-para-jose-eduardo-n-por-feminicidio-y-robo-agravado-en-hermosillo","status":"publish","type":"post","link":"https:\/\/elreporterodelacomunidad.com\/index.php\/2024\/08\/26\/sentencia-de-80-anos-para-jose-eduardo-n-por-feminicidio-y-robo-agravado-en-hermosillo\/","title":{"rendered":"Sentencia de 80 a\u00f1os para Jos\u00e9 Eduardo \u201cN\u201d por feminicidio y robo agravado en Hermosillo."},"content":{"rendered":"\n<p><\/p>\n\n\n\n<p>Hermosillo, Sonora a 26 de agosto de 2024.- La Fiscal\u00eda General de Justicia del Estado de Sonora (FGJES) logr\u00f3 que un Juez dictara en un proceso abreviado una sentencia condenatoria global de 80 a\u00f1os de prisi\u00f3n en contra de Jos\u00e9 Eduardo \u201cN\u201d, de 30 a\u00f1os de edad, tras ser encontrado culpable de los delitos de feminicidio y robo agravado en perjuicio de una persona de identidad reservada.<\/p>\n\n\n\n<p>La investigaci\u00f3n efectuada por esta representaci\u00f3n social demostr\u00f3 ante los tribunales la culpabilidad del se\u00f1alado por los hechos que se le imputaron, mismos que tuvieron lugar el 14 de marzo de 2023, aproximadamente a las 13:00 horas, en un domicilio ubicado en un fraccionamiento al norponiente de Hermosillo, Sonora.<\/p>\n\n\n\n<p>Jos\u00e9 Eduardo \u201cN\u201d, en compa\u00f1\u00eda de otra persona, privaron de la vida a la v\u00edctima y procedieron a robar varios objetos del interior del domicilio como un tel\u00e9fono celular, televisores, bolsos y joyer\u00eda, art\u00edculos que fueron cargados en el veh\u00edculo de la v\u00edctima, un sed\u00e1n de color rojo, el cual se llevaron los delincuentes cuando retiraron del lugar.<\/p>\n\n\n\n<p>La sentencia de 80 a\u00f1os de prisi\u00f3n fue impuesta al demostrar la culpabilidad del imputado en ambos delitos, con el respaldo que brindaron pruebas periciales y testimoniales.<\/p>\n","protected":false},"excerpt":{"rendered":"<p>Hermosillo, Sonora a 26 de agosto de 2024.- La Fiscal\u00eda General de Justicia del Estado de Sonora (FGJES) logr\u00f3 que un Juez dictara en un proceso abreviado una sentencia condenatoria global de 80 a\u00f1os de prisi\u00f3n en contra de Jos\u00e9 Eduardo \u201cN\u201d, de 30 a\u00f1os de edad, tras ser encontrado culpable de los delitos de [&hellip;]<\/p>\n","protected":false},"author":1,"featured_media":7912,"comment_status":"open","ping_status":"open","sticky":false,"template":"","format":"standard","meta":{"footnotes":""},"categories":[34,32,39],"tags":[],"class_list":["post-7911","post","type-post","status-publish","format-standard","has-post-thumbnail","hentry","category-general","category-policiaca","category-politica"],"_links":{"self":[{"href":"https:\/\/elreporterodelacomunidad.com\/index.php\/wp-json\/wp\/v2\/posts\/7911","targetHints":{"allow":["GET"]}}],"collection":[{"href":"https:\/\/elreporterodelacomunidad.com\/index.php\/wp-json\/wp\/v2\/posts"}],"about":[{"href":"https:\/\/elreporterodelacomunidad.com\/index.php\/wp-json\/wp\/v2\/types\/post"}],"author":[{"embeddable":true,"href":"https:\/\/elreporterodelacomunidad.com\/index.php\/wp-json\/wp\/v2\/users\/1"}],"replies":[{"embeddable":true,"href":"https:\/\/elreporterodelacomunidad.com\/index.php\/wp-json\/wp\/v2\/comments?post=7911"}],"version-history":[{"count":1,"href":"https:\/\/elreporterodelacomunidad.com\/index.php\/wp-json\/wp\/v2\/posts\/7911\/revisions"}],"predecessor-version":[{"id":7913,"href":"https:\/\/elreporterodelacomunidad.com\/index.php\/wp-json\/wp\/v2\/posts\/7911\/revisions\/7913"}],"wp:featuredmedia":[{"embeddable":true,"href":"https:\/\/elreporterodelacomunidad.com\/index.php\/wp-json\/wp\/v2\/media\/7912"}],"wp:attachment":[{"href":"https:\/\/elreporterodelacomunidad.com\/index.php\/wp-json\/wp\/v2\/media?parent=7911"}],"wp:term":[{"taxonomy":"category","embeddable":true,"href":"https:\/\/elreporterodelacomunidad.com\/index.php\/wp-json\/wp\/v2\/categories?post=7911"},{"taxonomy":"post_tag","embeddable":true,"href":"https:\/\/elreporterodelacomunidad.com\/index.php\/wp-json\/wp\/v2\/tags?post=7911"}],"curies":[{"name":"wp","href":"https:\/\/api.w.org\/{rel}","templated":true}]}}