{"id":7901,"date":"2024-08-26T12:47:29","date_gmt":"2024-08-26T19:47:29","guid":{"rendered":"https:\/\/elreporterodelacomunidad.com\/?p=7901"},"modified":"2024-08-26T12:47:32","modified_gmt":"2024-08-26T19:47:32","slug":"tren-choca-contra-trailer-en-carretera-hacia-sahuaripa","status":"publish","type":"post","link":"https:\/\/elreporterodelacomunidad.com\/index.php\/2024\/08\/26\/tren-choca-contra-trailer-en-carretera-hacia-sahuaripa\/","title":{"rendered":"Tren choca contra tr\u00e1iler en carretera hacia Sahuaripa."},"content":{"rendered":"\n<p>A pesar de que el impacto que sufri\u00f3 la unidad fue considerable, pues la caja del tr\u00e1iler qued\u00f3 pr\u00e1cticamente destrozada y la cabina termin\u00f3 volcada sobre la cinta asf\u00e1ltica, no se reportaron personas lesionadas que requirieran ser trasladadas a un hospital para atenci\u00f3n m\u00e9dica.<\/p>\n\n\n\n<p>Hermosillo, Sonora a 25 de agosto del 2024.- Un tr\u00e1iler de carga qued\u00f3 volcado sobre la carretera Hermosillo\u2013Sahuaripa, a la altura del kil\u00f3metro 05 aproximadamente, al oriente de la ciudad, luego de que fuera embestido por el tren, en hechos ocurridos la tarde de este domingo.<\/p>\n\n\n\n<p>Al lugar, que se ubica cerca de la zona industrial, se traslad\u00f3 personal de la unidad de rescate de Cruz Roja Hermosillo, as\u00ed como elementos del Departamento de Bomberos, Polic\u00eda Estatal y Polic\u00eda de Tr\u00e1nsito Municipal para atender la situaci\u00f3n y realizar las acciones de apoyo pertinente, as\u00ed como recabar los datos necesarios para el deslinde de responsabilidades.<\/p>\n\n\n\n<p>A pesar de que el impacto que sufri\u00f3 la unidad fue considerable, pues la caja del tr\u00e1iler qued\u00f3 pr\u00e1cticamente destrozada y la cabina termin\u00f3 volcada sobre la cinta asf\u00e1ltica, no se reportaron personas lesionadas que requirieran ser trasladadas a un hospital para atenci\u00f3n m\u00e9dica.<\/p>\n\n\n\n<p>A un costado de las v\u00edas del ferrocarril quedaron tiradas varias cajas de pl\u00e1stico que eran transportadas por el tr\u00e1iler, sin que presentaran alg\u00fan inconveniente para el tr\u00e1fico del lugar. As\u00ed mismo, el tren qued\u00f3 detenido durante varios minutos mientras los elementos de las distintas corporaciones atend\u00edan la situaci\u00f3n.<\/p>\n\n\n\n<p>Al sitio tambi\u00e9n acudi\u00f3 personal de las aseguradoras de las unidades, quienes se entrevistaron con los agentes de seguridad para recabar la informaci\u00f3n necesaria sobre el accidente.<\/p>\n\n\n\n<p>Por otro lado, poco despu\u00e9s del mediod\u00eda de este domingo, se registr\u00f3 un primer accidente en la capital sonorense, cuando dos veh\u00edculos participaron en un choque ocurrido sobre las calles Y\u00e1\u00f1ez y Veracruz, en la colonia San Benito.<\/p>\n\n\n\n<p>Al lugar se trasladaron elementos de Cruz Roja, as\u00ed como de del departamento de Tr\u00e1nsito Municipal para atender la situaci\u00f3n.<\/p>\n\n\n\n<p>Posteriormente, sobre las calles Jos\u00e9 Carmelo y General Pi\u00f1a tambi\u00e9n ocurri\u00f3 un choque, esta vez entre una unidad de transporte urbano y un veh\u00edculo, el cual result\u00f3 con fuertes da\u00f1os materiales, sin que se reportaran personas lesionadas debido al impacto.<\/p>\n","protected":false},"excerpt":{"rendered":"<p>A pesar de que el impacto que sufri\u00f3 la unidad fue considerable, pues la caja del tr\u00e1iler qued\u00f3 pr\u00e1cticamente destrozada y la cabina termin\u00f3 volcada sobre la cinta asf\u00e1ltica, no se reportaron personas lesionadas que requirieran ser trasladadas a un hospital para atenci\u00f3n m\u00e9dica. Hermosillo, Sonora a 25 de agosto del 2024.- Un tr\u00e1iler de [&hellip;]<\/p>\n","protected":false},"author":1,"featured_media":7902,"comment_status":"open","ping_status":"open","sticky":false,"template":"","format":"standard","meta":{"footnotes":""},"categories":[34,32,39],"tags":[],"class_list":["post-7901","post","type-post","status-publish","format-standard","has-post-thumbnail","hentry","category-general","category-policiaca","category-politica"],"_links":{"self":[{"href":"https:\/\/elreporterodelacomunidad.com\/index.php\/wp-json\/wp\/v2\/posts\/7901","targetHints":{"allow":["GET"]}}],"collection":[{"href":"https:\/\/elreporterodelacomunidad.com\/index.php\/wp-json\/wp\/v2\/posts"}],"about":[{"href":"https:\/\/elreporterodelacomunidad.com\/index.php\/wp-json\/wp\/v2\/types\/post"}],"author":[{"embeddable":true,"href":"https:\/\/elreporterodelacomunidad.com\/index.php\/wp-json\/wp\/v2\/users\/1"}],"replies":[{"embeddable":true,"href":"https:\/\/elreporterodelacomunidad.com\/index.php\/wp-json\/wp\/v2\/comments?post=7901"}],"version-history":[{"count":1,"href":"https:\/\/elreporterodelacomunidad.com\/index.php\/wp-json\/wp\/v2\/posts\/7901\/revisions"}],"predecessor-version":[{"id":7903,"href":"https:\/\/elreporterodelacomunidad.com\/index.php\/wp-json\/wp\/v2\/posts\/7901\/revisions\/7903"}],"wp:featuredmedia":[{"embeddable":true,"href":"https:\/\/elreporterodelacomunidad.com\/index.php\/wp-json\/wp\/v2\/media\/7902"}],"wp:attachment":[{"href":"https:\/\/elreporterodelacomunidad.com\/index.php\/wp-json\/wp\/v2\/media?parent=7901"}],"wp:term":[{"taxonomy":"category","embeddable":true,"href":"https:\/\/elreporterodelacomunidad.com\/index.php\/wp-json\/wp\/v2\/categories?post=7901"},{"taxonomy":"post_tag","embeddable":true,"href":"https:\/\/elreporterodelacomunidad.com\/index.php\/wp-json\/wp\/v2\/tags?post=7901"}],"curies":[{"name":"wp","href":"https:\/\/api.w.org\/{rel}","templated":true}]}}