{"id":7858,"date":"2024-08-23T13:31:42","date_gmt":"2024-08-23T20:31:42","guid":{"rendered":"https:\/\/elreporterodelacomunidad.com\/?p=7858"},"modified":"2024-08-23T13:49:08","modified_gmt":"2024-08-23T20:49:08","slug":"capturan-a-implicado-en-homicidio-y-lesiones-en-agravio-de-su-tio-y-primo","status":"publish","type":"post","link":"https:\/\/elreporterodelacomunidad.com\/index.php\/2024\/08\/23\/capturan-a-implicado-en-homicidio-y-lesiones-en-agravio-de-su-tio-y-primo\/","title":{"rendered":"Capturan a implicado en homicidio y lesiones en agravio de su t\u00edo y primo."},"content":{"rendered":"\n<p><strong>\u00c1lamos, Sonora a 23 de agosto de 2024.-<\/strong>\u00a0Manuel de Jes\u00fas \u201cN\u201d, de 21 a\u00f1os, fue capturado por elementos de la Agencia Ministerial de Investigaci\u00f3n Criminal (AMIC) por su probable responsabilidad en los delitos de homicidio y lesiones en agravio de su t\u00edo Marcelino \u201cN\u201d y su primo Miguel Guadalupe \u201cN\u201d, hechos ocurridos en el municipio de \u00c1lamos.<\/p>\n\n\n\n<p>De acuerdo con la investigaci\u00f3n, alrededor de las 04:30 horas del 18 de agosto, el imputado lleg\u00f3 al domicilio de las v\u00edctimas, ubicado en el poblado El Moc\u00fazarit, donde inici\u00f3 una discusi\u00f3n con su primo, a quien golpe\u00f3 en el rostro con una botella de cristal.<\/p>\n\n\n\n<p>Cuando su t\u00edo intervino en defensa de su hijo, el agresor le arroj\u00f3 una piedra con fuerza, impact\u00e1ndole en la sien. Marcelino \u201cN\u201d comenz\u00f3 a sangrar y se desvaneci\u00f3, quedando inconsciente. Fue trasladado a un hospital en Navojoa donde falleci\u00f3 al d\u00eda siguiente, el 19 de agosto.<\/p>\n\n\n\n<p>El agente del Ministerio P\u00fablico inici\u00f3 las indagatorias correspondientes, tras recabar diversos datos de prueba, obtuvo una orden de aprehensi\u00f3n emitida por un Juez. Manuel de Jes\u00fas \u201cN\u201d fue ubicado y detenido el pasado 21 de agosto en la localidad de Osobampo, municipio de \u00c1lamos, y trasladado a la ciudad de \u00c1lamos, donde permanecer\u00e1 en espera de las audiencias correspondientes.<\/p>\n\n\n\n<p>La Fiscal\u00eda General de Justicia del Estado de Sonora (FGJES) contin\u00faa con las investigaciones del caso, reafirmando su compromiso de garantizar el derecho de acceso a la justicia para las v\u00edctimas y sus familias.<\/p>\n","protected":false},"excerpt":{"rendered":"<p>\u00c1lamos, Sonora a 23 de agosto de 2024.-\u00a0Manuel de Jes\u00fas \u201cN\u201d, de 21 a\u00f1os, fue capturado por elementos de la Agencia Ministerial de Investigaci\u00f3n Criminal (AMIC) por su probable responsabilidad en los delitos de homicidio y lesiones en agravio de su t\u00edo Marcelino \u201cN\u201d y su primo Miguel Guadalupe \u201cN\u201d, hechos ocurridos en el municipio [&hellip;]<\/p>\n","protected":false},"author":1,"featured_media":7859,"comment_status":"open","ping_status":"open","sticky":false,"template":"","format":"standard","meta":{"footnotes":""},"categories":[34,32,39],"tags":[],"class_list":["post-7858","post","type-post","status-publish","format-standard","has-post-thumbnail","hentry","category-general","category-policiaca","category-politica"],"_links":{"self":[{"href":"https:\/\/elreporterodelacomunidad.com\/index.php\/wp-json\/wp\/v2\/posts\/7858","targetHints":{"allow":["GET"]}}],"collection":[{"href":"https:\/\/elreporterodelacomunidad.com\/index.php\/wp-json\/wp\/v2\/posts"}],"about":[{"href":"https:\/\/elreporterodelacomunidad.com\/index.php\/wp-json\/wp\/v2\/types\/post"}],"author":[{"embeddable":true,"href":"https:\/\/elreporterodelacomunidad.com\/index.php\/wp-json\/wp\/v2\/users\/1"}],"replies":[{"embeddable":true,"href":"https:\/\/elreporterodelacomunidad.com\/index.php\/wp-json\/wp\/v2\/comments?post=7858"}],"version-history":[{"count":1,"href":"https:\/\/elreporterodelacomunidad.com\/index.php\/wp-json\/wp\/v2\/posts\/7858\/revisions"}],"predecessor-version":[{"id":7860,"href":"https:\/\/elreporterodelacomunidad.com\/index.php\/wp-json\/wp\/v2\/posts\/7858\/revisions\/7860"}],"wp:featuredmedia":[{"embeddable":true,"href":"https:\/\/elreporterodelacomunidad.com\/index.php\/wp-json\/wp\/v2\/media\/7859"}],"wp:attachment":[{"href":"https:\/\/elreporterodelacomunidad.com\/index.php\/wp-json\/wp\/v2\/media?parent=7858"}],"wp:term":[{"taxonomy":"category","embeddable":true,"href":"https:\/\/elreporterodelacomunidad.com\/index.php\/wp-json\/wp\/v2\/categories?post=7858"},{"taxonomy":"post_tag","embeddable":true,"href":"https:\/\/elreporterodelacomunidad.com\/index.php\/wp-json\/wp\/v2\/tags?post=7858"}],"curies":[{"name":"wp","href":"https:\/\/api.w.org\/{rel}","templated":true}]}}