{"id":7771,"date":"2024-08-21T18:22:32","date_gmt":"2024-08-22T01:22:32","guid":{"rendered":"https:\/\/elreporterodelacomunidad.com\/?p=7771"},"modified":"2024-08-21T18:22:34","modified_gmt":"2024-08-22T01:22:34","slug":"aparatoso-choque-deja-graves-lesiones-y-fuertes-danos-al-sur-de-nogales","status":"publish","type":"post","link":"https:\/\/elreporterodelacomunidad.com\/index.php\/2024\/08\/21\/aparatoso-choque-deja-graves-lesiones-y-fuertes-danos-al-sur-de-nogales\/","title":{"rendered":"Aparatoso choque deja graves lesiones y fuertes da\u00f1os al sur de Nogales."},"content":{"rendered":"\n<p>La ma\u00f1ana de este mi\u00e9rcoles, cerca de las 9:00 horas, se registr\u00f3 un fuerte choque donde participaron dos unidades tipo sed\u00e1n, as\u00ed como un tracto cami\u00f3n.<\/p>\n\n\n\n<p>Nogales, Sonora a 21 de agosto del 2024.- Tres personas lesionadas de gravedad fue el saldo que dej\u00f3 un aparatoso accidente entre dos veh\u00edculos y un trailer, sobre la Carretera M\u00e9xico 15, a la altura del distribuidor vial que lleva al Seguro Social de Nogales.<\/p>\n\n\n\n<p>La ma\u00f1ana de este mi\u00e9rcoles, cerca de las 9:00 horas, se registr\u00f3 un fuerte choque donde participaron dos unidades tipo sed\u00e1n, as\u00ed como un tractocami\u00f3n que circulaba sin caja, a la altura del kil\u00f3metro 15 de la carretera internacional, al sur de la ciudad fronteriza.<\/p>\n\n\n\n<p>Como resultado, los dos veh\u00edculos sed\u00e1n quedaron con serias afectaciones, pues tan solo una de las unidades qued\u00f3 partida pr\u00e1cticamente a la mitad, mientras que el otro veh\u00edculo tambi\u00e9n fue seriamente afectado por el impacto.<\/p>\n\n\n\n<p>En ese sentido, los tripulantes de los dos veh\u00edculos sed\u00e1n, entre los que se encuentra al menos una mujer, quedaron con lesiones graves entre los fierros retorcidos, as\u00ed como tendidos sobre la carretera.<\/p>\n\n\n\n<p>Por tal motivo, al sitio se trasladaron elementos del Departamento de Bomberos para el rescate de las personas afectadas; asimismo, al lugar llegaron param\u00e9dicos abordo de unidades de la Cruz Roja para atender a los heridos.<\/p>\n\n\n\n<p>Tambi\u00e9n se cont\u00f3 con la participaci\u00f3n de elementos de la Guardia Nacional para delimitar el per\u00edmetro y permitir que el personal de emergencias se encargara de realizar sus respectivas diligencias.<\/p>\n\n\n\n<p>De acuerdo con informaci\u00f3n recabada en el sitio, uno de los veh\u00edculos perdi\u00f3 el control cuando pasaba por arriba del puente, por lo que se precipit\u00f3 al vac\u00edo y cay\u00f3 sobre el tr\u00e1iler que circulaba por la carretera.<\/p>\n\n\n\n<p>Asimismo, se report\u00f3 que una persona involucrada en el accidente perdi\u00f3 la vida tras recibir atenci\u00f3n m\u00e9dica, sin embargo, hasta el momento no ha sido confirmado por autoridades.<\/p>\n","protected":false},"excerpt":{"rendered":"<p>La ma\u00f1ana de este mi\u00e9rcoles, cerca de las 9:00 horas, se registr\u00f3 un fuerte choque donde participaron dos unidades tipo sed\u00e1n, as\u00ed como un tracto cami\u00f3n. Nogales, Sonora a 21 de agosto del 2024.- Tres personas lesionadas de gravedad fue el saldo que dej\u00f3 un aparatoso accidente entre dos veh\u00edculos y un trailer, sobre la [&hellip;]<\/p>\n","protected":false},"author":1,"featured_media":7772,"comment_status":"open","ping_status":"open","sticky":false,"template":"","format":"standard","meta":{"footnotes":""},"categories":[32,39,26],"tags":[],"class_list":["post-7771","post","type-post","status-publish","format-standard","has-post-thumbnail","hentry","category-policiaca","category-politica","category-principal"],"_links":{"self":[{"href":"https:\/\/elreporterodelacomunidad.com\/index.php\/wp-json\/wp\/v2\/posts\/7771","targetHints":{"allow":["GET"]}}],"collection":[{"href":"https:\/\/elreporterodelacomunidad.com\/index.php\/wp-json\/wp\/v2\/posts"}],"about":[{"href":"https:\/\/elreporterodelacomunidad.com\/index.php\/wp-json\/wp\/v2\/types\/post"}],"author":[{"embeddable":true,"href":"https:\/\/elreporterodelacomunidad.com\/index.php\/wp-json\/wp\/v2\/users\/1"}],"replies":[{"embeddable":true,"href":"https:\/\/elreporterodelacomunidad.com\/index.php\/wp-json\/wp\/v2\/comments?post=7771"}],"version-history":[{"count":1,"href":"https:\/\/elreporterodelacomunidad.com\/index.php\/wp-json\/wp\/v2\/posts\/7771\/revisions"}],"predecessor-version":[{"id":7773,"href":"https:\/\/elreporterodelacomunidad.com\/index.php\/wp-json\/wp\/v2\/posts\/7771\/revisions\/7773"}],"wp:featuredmedia":[{"embeddable":true,"href":"https:\/\/elreporterodelacomunidad.com\/index.php\/wp-json\/wp\/v2\/media\/7772"}],"wp:attachment":[{"href":"https:\/\/elreporterodelacomunidad.com\/index.php\/wp-json\/wp\/v2\/media?parent=7771"}],"wp:term":[{"taxonomy":"category","embeddable":true,"href":"https:\/\/elreporterodelacomunidad.com\/index.php\/wp-json\/wp\/v2\/categories?post=7771"},{"taxonomy":"post_tag","embeddable":true,"href":"https:\/\/elreporterodelacomunidad.com\/index.php\/wp-json\/wp\/v2\/tags?post=7771"}],"curies":[{"name":"wp","href":"https:\/\/api.w.org\/{rel}","templated":true}]}}