{"id":7744,"date":"2024-08-21T15:08:13","date_gmt":"2024-08-21T22:08:13","guid":{"rendered":"https:\/\/elreporterodelacomunidad.com\/?p=7744"},"modified":"2024-08-21T15:08:16","modified_gmt":"2024-08-21T22:08:16","slug":"capturan-en-hermosillo-a-mujer-implicada-en-homicidio-de-su-esposo","status":"publish","type":"post","link":"https:\/\/elreporterodelacomunidad.com\/index.php\/2024\/08\/21\/capturan-en-hermosillo-a-mujer-implicada-en-homicidio-de-su-esposo\/","title":{"rendered":"Capturan en Hermosillo a mujer implicada en homicidio de su esposo."},"content":{"rendered":"\n<p id=\"geom_inter_1724277986980_79_120\"><strong>Hermosillo, Sonora a 21 de agosto de 2024.-<\/strong>\u00a0En cumplimiento de un mandato judicial, elementos de la Agencia Ministerial de Investigaci\u00f3n Criminal (AMIC) capturaron a Francia Concepci\u00f3n \u201cN\u201d, de 38 a\u00f1os, quien fue requerida por un Juez por su probable responsabilidad en el delito de homicidio calificado con premeditaci\u00f3n, alevos\u00eda, ventaja y traici\u00f3n en agravio de Gabriel Israel \u201cN\u201d.<\/p>\n\n\n\n<p id=\"geom_inter_1724277986979_83_118\">Los hechos que se le imputan, sustentados cient\u00edficamente en la carpeta de investigaci\u00f3n, ocurrieron el 18 de marzo de 2023 en un domicilio ubicado en la calle Parque Cumbres, entre Parque Chapultepec y Parque Remedios, en la colonia Parque Central, en Hermosillo, Sonora.<\/p>\n\n\n\n<p>En dicho lugar, la mujer fue detenida luego de que su esposo, Gabriel Israel \u201cN\u201d, fuera privado de la vida por disparos de arma de fuego, tras presuntamente haber sostenido una discusi\u00f3n por problemas matrimoniales. En la escena, fueron aseguradas dos armas de fuego, una corta y una larga.<\/p>\n\n\n\n<p>Derivado de lo anterior, y tras realizar diversas diligencias de investigaci\u00f3n, el agente del Ministerio P\u00fablico solicit\u00f3 y obtuvo la orden de aprehensi\u00f3n, la cual fue ejecutada el pasado 20 de agosto en calles de la colonia Villa Verde.<\/p>\n\n\n\n<p>Posteriormente, la detenida fue ingresada al Centro de Reinserci\u00f3n Social (CERESO), donde permanecer\u00e1 en espera de las audiencias correspondientes.<\/p>\n","protected":false},"excerpt":{"rendered":"<p>Hermosillo, Sonora a 21 de agosto de 2024.-\u00a0En cumplimiento de un mandato judicial, elementos de la Agencia Ministerial de Investigaci\u00f3n Criminal (AMIC) capturaron a Francia Concepci\u00f3n \u201cN\u201d, de 38 a\u00f1os, quien fue requerida por un Juez por su probable responsabilidad en el delito de homicidio calificado con premeditaci\u00f3n, alevos\u00eda, ventaja y traici\u00f3n en agravio de [&hellip;]<\/p>\n","protected":false},"author":1,"featured_media":7745,"comment_status":"open","ping_status":"open","sticky":false,"template":"","format":"standard","meta":{"footnotes":""},"categories":[32,39],"tags":[],"class_list":["post-7744","post","type-post","status-publish","format-standard","has-post-thumbnail","hentry","category-policiaca","category-politica"],"_links":{"self":[{"href":"https:\/\/elreporterodelacomunidad.com\/index.php\/wp-json\/wp\/v2\/posts\/7744","targetHints":{"allow":["GET"]}}],"collection":[{"href":"https:\/\/elreporterodelacomunidad.com\/index.php\/wp-json\/wp\/v2\/posts"}],"about":[{"href":"https:\/\/elreporterodelacomunidad.com\/index.php\/wp-json\/wp\/v2\/types\/post"}],"author":[{"embeddable":true,"href":"https:\/\/elreporterodelacomunidad.com\/index.php\/wp-json\/wp\/v2\/users\/1"}],"replies":[{"embeddable":true,"href":"https:\/\/elreporterodelacomunidad.com\/index.php\/wp-json\/wp\/v2\/comments?post=7744"}],"version-history":[{"count":1,"href":"https:\/\/elreporterodelacomunidad.com\/index.php\/wp-json\/wp\/v2\/posts\/7744\/revisions"}],"predecessor-version":[{"id":7746,"href":"https:\/\/elreporterodelacomunidad.com\/index.php\/wp-json\/wp\/v2\/posts\/7744\/revisions\/7746"}],"wp:featuredmedia":[{"embeddable":true,"href":"https:\/\/elreporterodelacomunidad.com\/index.php\/wp-json\/wp\/v2\/media\/7745"}],"wp:attachment":[{"href":"https:\/\/elreporterodelacomunidad.com\/index.php\/wp-json\/wp\/v2\/media?parent=7744"}],"wp:term":[{"taxonomy":"category","embeddable":true,"href":"https:\/\/elreporterodelacomunidad.com\/index.php\/wp-json\/wp\/v2\/categories?post=7744"},{"taxonomy":"post_tag","embeddable":true,"href":"https:\/\/elreporterodelacomunidad.com\/index.php\/wp-json\/wp\/v2\/tags?post=7744"}],"curies":[{"name":"wp","href":"https:\/\/api.w.org\/{rel}","templated":true}]}}