{"id":7735,"date":"2024-08-21T15:02:40","date_gmt":"2024-08-21T22:02:40","guid":{"rendered":"https:\/\/elreporterodelacomunidad.com\/?p=7735"},"modified":"2024-08-21T15:02:44","modified_gmt":"2024-08-21T22:02:44","slug":"sentencia-de-15-anos-de-prision-por-delito-de-violacion-de-una-menor","status":"publish","type":"post","link":"https:\/\/elreporterodelacomunidad.com\/index.php\/2024\/08\/21\/sentencia-de-15-anos-de-prision-por-delito-de-violacion-de-una-menor\/","title":{"rendered":"Sentencia de 15 a\u00f1os de prisi\u00f3n por delito de violaci\u00f3n de una menor"},"content":{"rendered":"\n<p id=\"geom_inter_1724277658966_77_61\"><\/p>\n\n\n\n<p id=\"geom_inter_1724277658966_27_62\"><strong>Navojoa, Sonora a 21 de agosto de 2024.-<\/strong>\u00a0Debido a su probada responsabilidad por el delito de violaci\u00f3n equiparada agravada cometido en perjuicio de una menor de 16 a\u00f1os de edad, la Fiscal\u00eda General de Justicia del Estado de Sonora (FGJES) logr\u00f3 que un Juez condenara a 15 a\u00f1os de prisi\u00f3n a Juan Ram\u00f3n &#8220;N&#8221;.<\/p>\n\n\n\n<p id=\"geom_inter_1724277658966_50_63\">La carpeta de investigaci\u00f3n del caso se integr\u00f3 con pruebas s\u00f3lidas, mismas que sirvieron para demostrar la culpabilidad del se\u00f1alado mediante testimonios y an\u00e1lisis periciales que demostraron su participaci\u00f3n en los hechos que se le imputan.<\/p>\n\n\n\n<p>Dichos hechos tuvieron lugar el d\u00eda 30 de diciembre del a\u00f1o 2022, alrededor de las 20:00 y 21:00 horas, en un domicilio de la comunidad de Capohuiza, perteneciente a la comisar\u00eda Rosales en Navojoa, Sonora.<\/p>\n\n\n\n<p>En dichas circunstancias de lugar y fecha, el acusado Juan Ram\u00f3n \u201cN\u201d, tom\u00f3 por la fuerza a la menor, a quien la toc\u00f3 y cometi\u00f3 el delito de violaci\u00f3n.<\/p>\n\n\n\n<p>Lo anterior, al ser demostrado ante el Juez, dict\u00f3 la sentencia de 15 a\u00f1os de prisi\u00f3n que ya cumple en un Centro de Reinserci\u00f3n Social (CERESO).<\/p>\n","protected":false},"excerpt":{"rendered":"<p>Navojoa, Sonora a 21 de agosto de 2024.-\u00a0Debido a su probada responsabilidad por el delito de violaci\u00f3n equiparada agravada cometido en perjuicio de una menor de 16 a\u00f1os de edad, la Fiscal\u00eda General de Justicia del Estado de Sonora (FGJES) logr\u00f3 que un Juez condenara a 15 a\u00f1os de prisi\u00f3n a Juan Ram\u00f3n &#8220;N&#8221;. La [&hellip;]<\/p>\n","protected":false},"author":1,"featured_media":7736,"comment_status":"open","ping_status":"open","sticky":false,"template":"","format":"standard","meta":{"footnotes":""},"categories":[32,39],"tags":[],"class_list":["post-7735","post","type-post","status-publish","format-standard","has-post-thumbnail","hentry","category-policiaca","category-politica"],"_links":{"self":[{"href":"https:\/\/elreporterodelacomunidad.com\/index.php\/wp-json\/wp\/v2\/posts\/7735","targetHints":{"allow":["GET"]}}],"collection":[{"href":"https:\/\/elreporterodelacomunidad.com\/index.php\/wp-json\/wp\/v2\/posts"}],"about":[{"href":"https:\/\/elreporterodelacomunidad.com\/index.php\/wp-json\/wp\/v2\/types\/post"}],"author":[{"embeddable":true,"href":"https:\/\/elreporterodelacomunidad.com\/index.php\/wp-json\/wp\/v2\/users\/1"}],"replies":[{"embeddable":true,"href":"https:\/\/elreporterodelacomunidad.com\/index.php\/wp-json\/wp\/v2\/comments?post=7735"}],"version-history":[{"count":1,"href":"https:\/\/elreporterodelacomunidad.com\/index.php\/wp-json\/wp\/v2\/posts\/7735\/revisions"}],"predecessor-version":[{"id":7737,"href":"https:\/\/elreporterodelacomunidad.com\/index.php\/wp-json\/wp\/v2\/posts\/7735\/revisions\/7737"}],"wp:featuredmedia":[{"embeddable":true,"href":"https:\/\/elreporterodelacomunidad.com\/index.php\/wp-json\/wp\/v2\/media\/7736"}],"wp:attachment":[{"href":"https:\/\/elreporterodelacomunidad.com\/index.php\/wp-json\/wp\/v2\/media?parent=7735"}],"wp:term":[{"taxonomy":"category","embeddable":true,"href":"https:\/\/elreporterodelacomunidad.com\/index.php\/wp-json\/wp\/v2\/categories?post=7735"},{"taxonomy":"post_tag","embeddable":true,"href":"https:\/\/elreporterodelacomunidad.com\/index.php\/wp-json\/wp\/v2\/tags?post=7735"}],"curies":[{"name":"wp","href":"https:\/\/api.w.org\/{rel}","templated":true}]}}