{"id":7729,"date":"2024-08-21T14:59:17","date_gmt":"2024-08-21T21:59:17","guid":{"rendered":"https:\/\/elreporterodelacomunidad.com\/?p=7729"},"modified":"2024-08-21T14:59:19","modified_gmt":"2024-08-21T21:59:19","slug":"vinculan-a-proceso-a-jesus-antonio-n-por-robo-con-violencia-en-hermosillo","status":"publish","type":"post","link":"https:\/\/elreporterodelacomunidad.com\/index.php\/2024\/08\/21\/vinculan-a-proceso-a-jesus-antonio-n-por-robo-con-violencia-en-hermosillo\/","title":{"rendered":"Vinculan a proceso a Jes\u00fas Antonio \u201cN\u201d por robo con violencia en Hermosillo."},"content":{"rendered":"\n<p id=\"geom_inter_1724277430267_38_7\"><strong>Hermosillo, Sonora a 21 de agosto de 2024.-<\/strong>\u00a0La Fiscal\u00eda General de Justicia del Estado de Sonora (FGJES) present\u00f3 pruebas contundentes que fueron avaladas por un Juez en la Audiencia de Control, lo que result\u00f3 en la vinculaci\u00f3n a proceso de Jes\u00fas Antonio \u201cN\u201d, de 19 a\u00f1os, y se decret\u00f3 la prisi\u00f3n preventiva por su probable responsabilidad en el delito de robo con violencia.<\/p>\n\n\n\n<p id=\"geom_inter_1724277439964_33_16\">Los hechos ocurrieron el 14 de agosto alrededor de las 03:15 horas, cuando el imputado lleg\u00f3 a una carreta de comida r\u00e1pida ubicada en la calle Justo Sierra y G\u00f3mez Far\u00edas en Hermosillo, Sonora.<\/p>\n\n\n\n<p id=\"geom_inter_1724277439963_82_15\">En el lugar, amenaz\u00f3 con un cuchillo al propietario del negocio, Daniel Eduardo \u201cN\u201d, de 30 a\u00f1os, y a su ayudante, un menor de edad, para exigir dinero por lo que apoder\u00f3 de 590 pesos tras revisar la caja registradora.<\/p>\n\n\n\n<p id=\"geom_inter_1724277439964_58_17\">Cuando intentaba huir, fue capturado por elementos de Seguridad P\u00fablica Municipal de Hermosillo, quienes lo pusieron a disposici\u00f3n del agente del Ministerio P\u00fablico quien, con base en el Informe Policial Homologado (IPH) y otras investigaciones, integr\u00f3 la carpeta del caso.<\/p>\n\n\n\n<p id=\"geom_inter_1724277439964_54_18\">Jes\u00fas Antonio \u201cN\u201d fue ingresado al Centro de Reinserci\u00f3n Social (CERESO) y permanece en prisi\u00f3n preventiva, a la espera de las siguientes audiencias, garantizando as\u00ed el acceso a la justicia para las v\u00edctimas.<\/p>\n","protected":false},"excerpt":{"rendered":"<p>Hermosillo, Sonora a 21 de agosto de 2024.-\u00a0La Fiscal\u00eda General de Justicia del Estado de Sonora (FGJES) present\u00f3 pruebas contundentes que fueron avaladas por un Juez en la Audiencia de Control, lo que result\u00f3 en la vinculaci\u00f3n a proceso de Jes\u00fas Antonio \u201cN\u201d, de 19 a\u00f1os, y se decret\u00f3 la prisi\u00f3n preventiva por su probable [&hellip;]<\/p>\n","protected":false},"author":1,"featured_media":7730,"comment_status":"open","ping_status":"open","sticky":false,"template":"","format":"standard","meta":{"footnotes":""},"categories":[34,32,39],"tags":[],"class_list":["post-7729","post","type-post","status-publish","format-standard","has-post-thumbnail","hentry","category-general","category-policiaca","category-politica"],"_links":{"self":[{"href":"https:\/\/elreporterodelacomunidad.com\/index.php\/wp-json\/wp\/v2\/posts\/7729","targetHints":{"allow":["GET"]}}],"collection":[{"href":"https:\/\/elreporterodelacomunidad.com\/index.php\/wp-json\/wp\/v2\/posts"}],"about":[{"href":"https:\/\/elreporterodelacomunidad.com\/index.php\/wp-json\/wp\/v2\/types\/post"}],"author":[{"embeddable":true,"href":"https:\/\/elreporterodelacomunidad.com\/index.php\/wp-json\/wp\/v2\/users\/1"}],"replies":[{"embeddable":true,"href":"https:\/\/elreporterodelacomunidad.com\/index.php\/wp-json\/wp\/v2\/comments?post=7729"}],"version-history":[{"count":1,"href":"https:\/\/elreporterodelacomunidad.com\/index.php\/wp-json\/wp\/v2\/posts\/7729\/revisions"}],"predecessor-version":[{"id":7731,"href":"https:\/\/elreporterodelacomunidad.com\/index.php\/wp-json\/wp\/v2\/posts\/7729\/revisions\/7731"}],"wp:featuredmedia":[{"embeddable":true,"href":"https:\/\/elreporterodelacomunidad.com\/index.php\/wp-json\/wp\/v2\/media\/7730"}],"wp:attachment":[{"href":"https:\/\/elreporterodelacomunidad.com\/index.php\/wp-json\/wp\/v2\/media?parent=7729"}],"wp:term":[{"taxonomy":"category","embeddable":true,"href":"https:\/\/elreporterodelacomunidad.com\/index.php\/wp-json\/wp\/v2\/categories?post=7729"},{"taxonomy":"post_tag","embeddable":true,"href":"https:\/\/elreporterodelacomunidad.com\/index.php\/wp-json\/wp\/v2\/tags?post=7729"}],"curies":[{"name":"wp","href":"https:\/\/api.w.org\/{rel}","templated":true}]}}