{"id":7709,"date":"2024-08-20T17:44:10","date_gmt":"2024-08-21T00:44:10","guid":{"rendered":"https:\/\/elreporterodelacomunidad.com\/?p=7709"},"modified":"2024-08-20T17:44:13","modified_gmt":"2024-08-21T00:44:13","slug":"la-ley-debe-de-aplicarse-a-todos-por-igual-alcalde-tono-astiazaran-sobre-caso-natanael-cano","status":"publish","type":"post","link":"https:\/\/elreporterodelacomunidad.com\/index.php\/2024\/08\/20\/la-ley-debe-de-aplicarse-a-todos-por-igual-alcalde-tono-astiazaran-sobre-caso-natanael-cano\/","title":{"rendered":"&#8216;La ley debe de aplicarse a todos por igual&#8217;: alcalde To\u00f1o Astiazar\u00e1n sobre caso Natanael Cano."},"content":{"rendered":"\n<p>Natanael &#8220;N&#8221; podr\u00eda pasar hasta dos a\u00f1os en prisi\u00f3n por el delito de cohecho al ser vinculado a proceso.<\/p>\n\n\n\n<p>Hermosillo, Sonora a 20 de agosto del 2024.- La aplicaci\u00f3n de la Ley e impartici\u00f3n de justicia debe de aplicarse por igual, esto con independencia del talento musical que se tenga y que no se consideren ciudadanos de primera, ni de segunda, declar\u00f3 el alcalde Antonio Astiazar\u00e1n Guti\u00e9rrez.<\/p>\n\n\n\n<p>Esto en relaci\u00f3n al caso del Natanael \u201cN\u201d, conocido cantante de corridos tumbados hermosillense, que fue vinculado a proceso por el presunto delito de cohecho al intentar sobornar a polic\u00edas municipales.<\/p>\n\n\n\n<p>Ante esta situaci\u00f3n, el presidente municipal confirm\u00f3 que en su momento los oficiales involucrados en este hecho fueron separados de sus funciones operativas, por lo que est\u00e1n atentos a cualquier disposici\u00f3n legal que se tenga para que se ejecute la sanci\u00f3n correspondiente.<\/p>\n\n\n\n<p>Cabe mencionar que la Fiscal\u00eda General de Justicia del Estado de Sonora, obtuvo la vinculaci\u00f3n a proceso del cantante hermosillenses, a quien se le prohibi\u00f3 salir del pa\u00eds sin autorizaci\u00f3n judicial y deber\u00e1 firmar en un juzgado peri\u00f3dicamente.<\/p>\n\n\n\n<p>Lo anterior, debido a los hechos registrados en Hermosillo durante el pasado 29 de marzo, los cuales fueron difundidos en videos a trav\u00e9s de redes sociales, donde el hoy imputado conduc\u00eda a exceso de velocidad un veh\u00edculo Dodge Charger de color rojo y modelo reciente, sin placas, por el bulevar Jos\u00e9 Mar\u00eda Morelos de Hermosillo, cuando fue contactado por agentes en una unidad oficial de la Polic\u00eda Municipal de Hermosillo y les ofreci\u00f3 dinero.<\/p>\n\n\n\n<p>Astiazar\u00e1n Guti\u00e9rrez agreg\u00f3 que, independientemente del talento musical, que tenga una persona, las autoridades deben aplicar la justicia por igual, por lo que no puede pronunciarse sobre la culpabilidad de nadie.<\/p>\n\n\n\n<p>\u201cSi les puedo decir que desde el primer momento las personas (agentes) involucradas en este caso el comisario de la Polic\u00eda dio a conocer que fueron separados temporalmente de la responsabilidad operativa que ten\u00edan, por lo que estaremos atentos a cualquier aplicaci\u00f3n de la justicia a quien tenga que aplicarse\u201d, expres\u00f3.<\/p>\n\n\n\n<p><strong>Natanael &#8220;N&#8221; podr\u00eda pasar hasta dos a\u00f1os en prisi\u00f3n por el delito de cohecho.<\/strong><\/p>\n\n\n\n<p>Por el presunto delito de cohecho del que es se\u00f1alado, el cantante Natanael Rub\u00e9n &#8220;N&#8221; podr\u00eda alcanzar una pena de seis meses a dos a\u00f1os de prisi\u00f3n, en caso de resultar culpable de ese hecho, luego de que en marzo se dieron a conocer videos en redes sociales donde presuntamente soborn\u00f3 a agentes polic\u00edacos en Hermosillo.<\/p>\n\n\n\n<p>En entrevista, el vicefiscal de Control de Procesos de la Fiscal\u00eda General de Justicia del Estado (FGJE), Ram\u00f3n Tadeo Grad\u00edas Enr\u00edquez mencion\u00f3 que ayer se llev\u00f3 a cabo la audiencia inicial en contra del joven antes mencionado, por dicho se\u00f1alamiento en n\u00famero de dos, en concurso real de delitos.<\/p>\n\n\n\n<p>Tras presentarse ante un Juez, dicha autoridad determin\u00f3 vincularlo a proceso por dichos tipos penales e imponerle medidas cautelares consistentes en exhibici\u00f3n econ\u00f3mica, la prohibici\u00f3n de salir del pa\u00eds sin autorizaci\u00f3n judicial, as\u00ed como la presentaci\u00f3n peri\u00f3dica a juzgados.<\/p>\n\n\n\n<p>&#8220;Este delito puede alcanzar la imposici\u00f3n de una pena de prisi\u00f3n que va desde los seis meses a los dos a\u00f1os. Vamos a buscar que se cumpla en todos los t\u00e9rminos y que no quede impune la conducta que fue viralizada y se hizo del conocimiento a trav\u00e9s de redes sociales&#8221;, expres\u00f3 el funcionario estatal.<\/p>\n\n\n\n<p>Sostuvo que hay datos de prueba suficientes que les ayudaron a cumplir con el est\u00e1ndar probatorio que requiere la etapa procesal, mismo que fue avalado por el Juez, quien determin\u00f3 la vinculaci\u00f3n a proceso.<\/p>\n\n\n\n<p>Aclar\u00f3 que el cantante hermosillense deber\u00e1 presentarse a firmar cada dos meses, el cumplimiento de una multa que va de los 3,200 a los 4,500 pesos y tendr\u00e1 una restricci\u00f3n que lo limita a salir del pa\u00eds, pues en caso de no atender estas disposiciones ser\u00e1 requerido por la justicia.<\/p>\n\n\n\n<p>En cuanto a los polic\u00edas que presuntamente fueron sobornados, Gradias Enr\u00edquez mencion\u00f3 que en unas semanas m\u00e1s tendr\u00e1 su primer audiencia ante el Juez para fijar su postura y conocer su situaci\u00f3n legal.<\/p>\n\n\n\n<p>&#8220;El 10 de septiembre se celebrar\u00e1 la audiencia inicial en contra de los oficiales que tambi\u00e9n tuvieron participaci\u00f3n en los hechos&#8221;, adelant\u00f3, sin revelar m\u00e1s detalles por el proceso que est\u00e1 vigente.<\/p>\n\n\n\n<p>Fue en marzo de este a\u00f1o cuando el int\u00e9rprete de los denominados &#8220;corridos tumbados&#8221; fue detenidos por agentes municipales sobre el bulevar Morelos y Perif\u00e9rico Norte, cuando circulaba en un veh\u00edculo sin placas, pero seg\u00fan lo que muestra al menos un video que fue difundido en Internet, les ofrece supuesto dinero a cambio de dejarlo ir, sin embargo, en otro punto de ese mismo sector fue detenido por otros polic\u00edas por conducir a exceso de velocidad y alterar el orden p\u00fablico, a quienes tambi\u00e9n intent\u00f3 al parecer sobornar para que no actuaran en su contra, cuyas versiones deber\u00e1n ser aclaradas ante la autoridad pertinente.<\/p>\n","protected":false},"excerpt":{"rendered":"<p>Natanael &#8220;N&#8221; podr\u00eda pasar hasta dos a\u00f1os en prisi\u00f3n por el delito de cohecho al ser vinculado a proceso. Hermosillo, Sonora a 20 de agosto del 2024.- La aplicaci\u00f3n de la Ley e impartici\u00f3n de justicia debe de aplicarse por igual, esto con independencia del talento musical que se tenga y que no se consideren [&hellip;]<\/p>\n","protected":false},"author":1,"featured_media":7710,"comment_status":"open","ping_status":"open","sticky":false,"template":"","format":"standard","meta":{"footnotes":""},"categories":[32,39,26,45],"tags":[],"class_list":["post-7709","post","type-post","status-publish","format-standard","has-post-thumbnail","hentry","category-policiaca","category-politica","category-principal","category-ultimasnoticias"],"_links":{"self":[{"href":"https:\/\/elreporterodelacomunidad.com\/index.php\/wp-json\/wp\/v2\/posts\/7709","targetHints":{"allow":["GET"]}}],"collection":[{"href":"https:\/\/elreporterodelacomunidad.com\/index.php\/wp-json\/wp\/v2\/posts"}],"about":[{"href":"https:\/\/elreporterodelacomunidad.com\/index.php\/wp-json\/wp\/v2\/types\/post"}],"author":[{"embeddable":true,"href":"https:\/\/elreporterodelacomunidad.com\/index.php\/wp-json\/wp\/v2\/users\/1"}],"replies":[{"embeddable":true,"href":"https:\/\/elreporterodelacomunidad.com\/index.php\/wp-json\/wp\/v2\/comments?post=7709"}],"version-history":[{"count":1,"href":"https:\/\/elreporterodelacomunidad.com\/index.php\/wp-json\/wp\/v2\/posts\/7709\/revisions"}],"predecessor-version":[{"id":7711,"href":"https:\/\/elreporterodelacomunidad.com\/index.php\/wp-json\/wp\/v2\/posts\/7709\/revisions\/7711"}],"wp:featuredmedia":[{"embeddable":true,"href":"https:\/\/elreporterodelacomunidad.com\/index.php\/wp-json\/wp\/v2\/media\/7710"}],"wp:attachment":[{"href":"https:\/\/elreporterodelacomunidad.com\/index.php\/wp-json\/wp\/v2\/media?parent=7709"}],"wp:term":[{"taxonomy":"category","embeddable":true,"href":"https:\/\/elreporterodelacomunidad.com\/index.php\/wp-json\/wp\/v2\/categories?post=7709"},{"taxonomy":"post_tag","embeddable":true,"href":"https:\/\/elreporterodelacomunidad.com\/index.php\/wp-json\/wp\/v2\/tags?post=7709"}],"curies":[{"name":"wp","href":"https:\/\/api.w.org\/{rel}","templated":true}]}}