{"id":7697,"date":"2024-08-20T14:07:55","date_gmt":"2024-08-20T21:07:55","guid":{"rendered":"https:\/\/elreporterodelacomunidad.com\/?p=7697"},"modified":"2024-08-20T14:07:58","modified_gmt":"2024-08-20T21:07:58","slug":"captura-amic-a-profugo-de-chihuahua-en-hermosillo","status":"publish","type":"post","link":"https:\/\/elreporterodelacomunidad.com\/index.php\/2024\/08\/20\/captura-amic-a-profugo-de-chihuahua-en-hermosillo\/","title":{"rendered":"Captura AMIC a pr\u00f3fugo de Chihuahua en Hermosillo."},"content":{"rendered":"\n<p><\/p>\n\n\n\n<p><strong>Hermosillo, Sonora a 20 de agosto de 2024.-<\/strong>\u00a0La Fiscal\u00eda General de Justicia del Estado de Sonora (FGJES) en colaboraci\u00f3n con su hom\u00f3loga del Estado de Chihuahua ejecut\u00f3 una orden de aprehensi\u00f3n en contra de Armando \u201cN\u201d y\/o Lamberto \u201cN\u201d, alias \u201cEl Gato\u201d en Hermosillo, Sonora, esto por su probable responsabilidad por el delito de robo agravado.<\/p>\n\n\n\n<p>Dicha captura se llev\u00f3 a cabo por elementos de la Agencia Ministerial de Investigaci\u00f3n Criminal (AMIC) en cumplimiento del acuerdo de cooperaci\u00f3n entre ambas instituciones debido a que el sujeto es requerido por un Juez del vecino estado dada su probable responsabilidad por el delito mencionado, cometido en perjuicio de personal de una empresa minera.<\/p>\n\n\n\n<p>Tras su captura, el sujeto qued\u00f3 a resguardo en la Base Operativa de la Agencia Ministerial de Investigaci\u00f3n Criminal (AMIC) a la espera del arribo de elementos de la Polic\u00eda de Investigaci\u00f3n de Chihuahua a fin de que sea trasladado ante la autoridad del distrito judicial que le requiere.<\/p>\n\n\n\n<p>La Fiscal\u00eda General de Justicia del Estado de Sonora (FGJES) reitera que la entidad no es ni ser\u00e1 refugio para delincuentes, estrechando la relaci\u00f3n entre esta instituci\u00f3n y sus homologas en todo el pa\u00eds.<\/p>\n","protected":false},"excerpt":{"rendered":"<p>Hermosillo, Sonora a 20 de agosto de 2024.-\u00a0La Fiscal\u00eda General de Justicia del Estado de Sonora (FGJES) en colaboraci\u00f3n con su hom\u00f3loga del Estado de Chihuahua ejecut\u00f3 una orden de aprehensi\u00f3n en contra de Armando \u201cN\u201d y\/o Lamberto \u201cN\u201d, alias \u201cEl Gato\u201d en Hermosillo, Sonora, esto por su probable responsabilidad por el delito de robo [&hellip;]<\/p>\n","protected":false},"author":1,"featured_media":7698,"comment_status":"open","ping_status":"open","sticky":false,"template":"","format":"standard","meta":{"footnotes":""},"categories":[34,32,39],"tags":[],"class_list":["post-7697","post","type-post","status-publish","format-standard","has-post-thumbnail","hentry","category-general","category-policiaca","category-politica"],"_links":{"self":[{"href":"https:\/\/elreporterodelacomunidad.com\/index.php\/wp-json\/wp\/v2\/posts\/7697","targetHints":{"allow":["GET"]}}],"collection":[{"href":"https:\/\/elreporterodelacomunidad.com\/index.php\/wp-json\/wp\/v2\/posts"}],"about":[{"href":"https:\/\/elreporterodelacomunidad.com\/index.php\/wp-json\/wp\/v2\/types\/post"}],"author":[{"embeddable":true,"href":"https:\/\/elreporterodelacomunidad.com\/index.php\/wp-json\/wp\/v2\/users\/1"}],"replies":[{"embeddable":true,"href":"https:\/\/elreporterodelacomunidad.com\/index.php\/wp-json\/wp\/v2\/comments?post=7697"}],"version-history":[{"count":1,"href":"https:\/\/elreporterodelacomunidad.com\/index.php\/wp-json\/wp\/v2\/posts\/7697\/revisions"}],"predecessor-version":[{"id":7699,"href":"https:\/\/elreporterodelacomunidad.com\/index.php\/wp-json\/wp\/v2\/posts\/7697\/revisions\/7699"}],"wp:featuredmedia":[{"embeddable":true,"href":"https:\/\/elreporterodelacomunidad.com\/index.php\/wp-json\/wp\/v2\/media\/7698"}],"wp:attachment":[{"href":"https:\/\/elreporterodelacomunidad.com\/index.php\/wp-json\/wp\/v2\/media?parent=7697"}],"wp:term":[{"taxonomy":"category","embeddable":true,"href":"https:\/\/elreporterodelacomunidad.com\/index.php\/wp-json\/wp\/v2\/categories?post=7697"},{"taxonomy":"post_tag","embeddable":true,"href":"https:\/\/elreporterodelacomunidad.com\/index.php\/wp-json\/wp\/v2\/tags?post=7697"}],"curies":[{"name":"wp","href":"https:\/\/api.w.org\/{rel}","templated":true}]}}