{"id":7694,"date":"2024-08-20T13:13:12","date_gmt":"2024-08-20T20:13:12","guid":{"rendered":"https:\/\/elreporterodelacomunidad.com\/?p=7694"},"modified":"2024-08-20T13:13:15","modified_gmt":"2024-08-20T20:13:15","slug":"recibe-felipe-n-70-anos-de-prision-por-violacion-en-perjuicio-de-un-menor-de-14-anos","status":"publish","type":"post","link":"https:\/\/elreporterodelacomunidad.com\/index.php\/2024\/08\/20\/recibe-felipe-n-70-anos-de-prision-por-violacion-en-perjuicio-de-un-menor-de-14-anos\/","title":{"rendered":"Recibe Felipe \u201cN\u201d 70 a\u00f1os de prisi\u00f3n por violaci\u00f3n en perjuicio de un menor de 14 a\u00f1os."},"content":{"rendered":"\n<p><strong>Nogales, Sonora a 20 de agosto de 2024.-<\/strong>\u00a0La Fiscal\u00eda General de Justicia del Estado de Sonora (FGJES), logr\u00f3 que un Juez dictara una sentencia condenatoria de 70 a\u00f1os en contra de Felipe \u201cN\u201d, por su responsabilidad por el delito de violaci\u00f3n agravada en perjuicio de un menor de 14 a\u00f1os de identidad reservada, hechos ocurridos en una vivienda de la colonia Buenos Aires, en Nogales, Sonora.<\/p>\n\n\n\n<p>La carpeta de investigaci\u00f3n se integr\u00f3 con pruebas s\u00f3lidas, tanto periciales como testimoniales, dejando en claro m\u00e1s all\u00e1 de la duda razonable que el imputado cometi\u00f3 el delito de violaci\u00f3n contra el menor en la referida vivienda entre el 10 de julio y el 25 de septiembre del 2023 al menos en cuatro ocasiones, abusando de la confianza que se le ten\u00eda por ser familiar directo de la v\u00edctima.<\/p>\n\n\n\n<p>Tras la denuncia correspondiente, se obtuvo la orden de aprehensi\u00f3n y se efectu\u00f3 su captura en octubre de 2023, quedando vinculado a proceso ese mismo mes, dando paso a las investigaciones complementarias.<\/p>\n\n\n\n<p>El proceso penal sigui\u00f3 el curso correspondiente, se lleg\u00f3 a la audiencia de Juicio Oral y se present\u00f3 el caudal probatorio integrado por esta representaci\u00f3n social, logrando que el Juez determinara una sentencia condenatoria de 70 a\u00f1os de prisi\u00f3n.<\/p>\n\n\n\n<p>Estos resultados dejan de manifiesto el compromiso de la Fiscal\u00eda General de Justicia del Estado de Sonora (FGJES) de lograr penas ejemplares a quienes vulneren la integridad de los menores de edad.&#8211;<\/p>\n","protected":false},"excerpt":{"rendered":"<p>Nogales, Sonora a 20 de agosto de 2024.-\u00a0La Fiscal\u00eda General de Justicia del Estado de Sonora (FGJES), logr\u00f3 que un Juez dictara una sentencia condenatoria de 70 a\u00f1os en contra de Felipe \u201cN\u201d, por su responsabilidad por el delito de violaci\u00f3n agravada en perjuicio de un menor de 14 a\u00f1os de identidad reservada, hechos ocurridos [&hellip;]<\/p>\n","protected":false},"author":1,"featured_media":7695,"comment_status":"open","ping_status":"open","sticky":false,"template":"","format":"standard","meta":{"footnotes":""},"categories":[34,32,39],"tags":[],"class_list":["post-7694","post","type-post","status-publish","format-standard","has-post-thumbnail","hentry","category-general","category-policiaca","category-politica"],"_links":{"self":[{"href":"https:\/\/elreporterodelacomunidad.com\/index.php\/wp-json\/wp\/v2\/posts\/7694","targetHints":{"allow":["GET"]}}],"collection":[{"href":"https:\/\/elreporterodelacomunidad.com\/index.php\/wp-json\/wp\/v2\/posts"}],"about":[{"href":"https:\/\/elreporterodelacomunidad.com\/index.php\/wp-json\/wp\/v2\/types\/post"}],"author":[{"embeddable":true,"href":"https:\/\/elreporterodelacomunidad.com\/index.php\/wp-json\/wp\/v2\/users\/1"}],"replies":[{"embeddable":true,"href":"https:\/\/elreporterodelacomunidad.com\/index.php\/wp-json\/wp\/v2\/comments?post=7694"}],"version-history":[{"count":1,"href":"https:\/\/elreporterodelacomunidad.com\/index.php\/wp-json\/wp\/v2\/posts\/7694\/revisions"}],"predecessor-version":[{"id":7696,"href":"https:\/\/elreporterodelacomunidad.com\/index.php\/wp-json\/wp\/v2\/posts\/7694\/revisions\/7696"}],"wp:featuredmedia":[{"embeddable":true,"href":"https:\/\/elreporterodelacomunidad.com\/index.php\/wp-json\/wp\/v2\/media\/7695"}],"wp:attachment":[{"href":"https:\/\/elreporterodelacomunidad.com\/index.php\/wp-json\/wp\/v2\/media?parent=7694"}],"wp:term":[{"taxonomy":"category","embeddable":true,"href":"https:\/\/elreporterodelacomunidad.com\/index.php\/wp-json\/wp\/v2\/categories?post=7694"},{"taxonomy":"post_tag","embeddable":true,"href":"https:\/\/elreporterodelacomunidad.com\/index.php\/wp-json\/wp\/v2\/tags?post=7694"}],"curies":[{"name":"wp","href":"https:\/\/api.w.org\/{rel}","templated":true}]}}