{"id":7662,"date":"2024-08-19T20:35:24","date_gmt":"2024-08-20T03:35:24","guid":{"rendered":"https:\/\/elreporterodelacomunidad.com\/?p=7662"},"modified":"2024-08-19T20:35:30","modified_gmt":"2024-08-20T03:35:30","slug":"catean-domicilio-en-hermosillo-detienen-a-tres-personas-y-aseguran-narcotico","status":"publish","type":"post","link":"https:\/\/elreporterodelacomunidad.com\/index.php\/2024\/08\/19\/catean-domicilio-en-hermosillo-detienen-a-tres-personas-y-aseguran-narcotico\/","title":{"rendered":"Catean domicilio en Hermosillo, detienen a tres personas y aseguran narc\u00f3tico."},"content":{"rendered":"\n<p>Hermosillo, Sonora a 19 de agosto de 2024.- Como parte de los esfuerzos para combatir el narcomenudeo y reducir posibles conductas delictivas, la Agencia Ministerial de Investigaci\u00f3n Criminal (AMIC), en coordinaci\u00f3n con la Secretar\u00eda de la Defensa Nacional (SEDENA) y la Guardia Nacional (GN), llev\u00f3 a cabo un cateo en un domicilio en Hermosillo, donde se asegur\u00f3 narc\u00f3tico y se detuvo a tres personas.<\/p>\n\n\n\n<p>El operativo, autorizado por un Juez tras investigaciones derivadas de denuncias ciudadanas que indicaban la probable venta de drogas, se realiz\u00f3 el 16 de agosto en un domicilio ubicado en la calle Leopoldo Ramos R\u00edos, en la colonia Zona Industrial.<\/p>\n\n\n\n<p>Personal de Servicios Periciales de la Fiscal\u00eda General de Justicia del Estado de Sonora (FGJES) recolect\u00f3 como indicios 21 envoltorios que conten\u00edan el narc\u00f3tico sint\u00e9tico conocido como \u201ccristal\u201d, con un peso total aproximado de 11 gramos, presuntamente destinado para la venta.<\/p>\n\n\n\n<p>Durante el operativo, fueron detenidos Jos\u00e9 Alfonso \u201cN\u201d, de 28 a\u00f1os, Francisco Javier \u201cN\u201d, de 38, y Beatriz \u201cN\u201d, de 32; adem\u00e1s, se logr\u00f3 el rescate de una adolescente de 17 a\u00f1os, quien fue puesta a disposici\u00f3n del Sistema Estatal de Protecci\u00f3n Integral de Ni\u00f1as, Ni\u00f1os y Adolescentes del Estado de Sonora (SIPINNA) para su salvaguardia.<\/p>\n\n\n\n<p>Los detenidos y la droga fueron puestos a disposici\u00f3n del agente del Ministerio P\u00fablico Adscrito al Centro de Operaciones Estrat\u00e9gicas (COE) para que se proceda conforme a la ley.<\/p>\n","protected":false},"excerpt":{"rendered":"<p>Hermosillo, Sonora a 19 de agosto de 2024.- Como parte de los esfuerzos para combatir el narcomenudeo y reducir posibles conductas delictivas, la Agencia Ministerial de Investigaci\u00f3n Criminal (AMIC), en coordinaci\u00f3n con la Secretar\u00eda de la Defensa Nacional (SEDENA) y la Guardia Nacional (GN), llev\u00f3 a cabo un cateo en un domicilio en Hermosillo, donde [&hellip;]<\/p>\n","protected":false},"author":1,"featured_media":7663,"comment_status":"open","ping_status":"open","sticky":false,"template":"","format":"standard","meta":{"footnotes":""},"categories":[34,32,39],"tags":[],"class_list":["post-7662","post","type-post","status-publish","format-standard","has-post-thumbnail","hentry","category-general","category-policiaca","category-politica"],"_links":{"self":[{"href":"https:\/\/elreporterodelacomunidad.com\/index.php\/wp-json\/wp\/v2\/posts\/7662","targetHints":{"allow":["GET"]}}],"collection":[{"href":"https:\/\/elreporterodelacomunidad.com\/index.php\/wp-json\/wp\/v2\/posts"}],"about":[{"href":"https:\/\/elreporterodelacomunidad.com\/index.php\/wp-json\/wp\/v2\/types\/post"}],"author":[{"embeddable":true,"href":"https:\/\/elreporterodelacomunidad.com\/index.php\/wp-json\/wp\/v2\/users\/1"}],"replies":[{"embeddable":true,"href":"https:\/\/elreporterodelacomunidad.com\/index.php\/wp-json\/wp\/v2\/comments?post=7662"}],"version-history":[{"count":1,"href":"https:\/\/elreporterodelacomunidad.com\/index.php\/wp-json\/wp\/v2\/posts\/7662\/revisions"}],"predecessor-version":[{"id":7664,"href":"https:\/\/elreporterodelacomunidad.com\/index.php\/wp-json\/wp\/v2\/posts\/7662\/revisions\/7664"}],"wp:featuredmedia":[{"embeddable":true,"href":"https:\/\/elreporterodelacomunidad.com\/index.php\/wp-json\/wp\/v2\/media\/7663"}],"wp:attachment":[{"href":"https:\/\/elreporterodelacomunidad.com\/index.php\/wp-json\/wp\/v2\/media?parent=7662"}],"wp:term":[{"taxonomy":"category","embeddable":true,"href":"https:\/\/elreporterodelacomunidad.com\/index.php\/wp-json\/wp\/v2\/categories?post=7662"},{"taxonomy":"post_tag","embeddable":true,"href":"https:\/\/elreporterodelacomunidad.com\/index.php\/wp-json\/wp\/v2\/tags?post=7662"}],"curies":[{"name":"wp","href":"https:\/\/api.w.org\/{rel}","templated":true}]}}