{"id":7610,"date":"2024-08-18T14:18:34","date_gmt":"2024-08-18T21:18:34","guid":{"rendered":"https:\/\/elreporterodelacomunidad.com\/?p=7610"},"modified":"2024-08-18T14:18:36","modified_gmt":"2024-08-18T21:18:36","slug":"ataque-armado-deja-un-menor-sin-vida-y-ocho-heridos-en-tubutama-sonora","status":"publish","type":"post","link":"https:\/\/elreporterodelacomunidad.com\/index.php\/2024\/08\/18\/ataque-armado-deja-un-menor-sin-vida-y-ocho-heridos-en-tubutama-sonora\/","title":{"rendered":"Ataque armado deja un menor sin vida y ocho heridos en Tubutama, Sonora."},"content":{"rendered":"\n<p>El ataque tuvo lugar alrededor de la 01:15 horas de este domingo y result\u00f3 en la tr\u00e1gica muerte, adem\u00e1s de ocho personas lesionadas, entre ellas cinco hombres y tres mujeres.<\/p>\n\n\n\n<p>Hermosillo, Sonora a 18 de agosto del 2024.- La Fiscal\u00eda General de Justicia del Estado de Sonora (Fgjes) ha iniciado una investigaci\u00f3n en torno al ataque armado ocurrido en las inmediaciones del municipio de Tubutama, donde un veh\u00edculo fue emboscado por personas armadas.<\/p>\n\n\n\n<p>Seg\u00fan el comunicado de la Fgjes, el ataque, que tuvo lugar alrededor de la 01:15 horas de este domingo, result\u00f3 en la tr\u00e1gica muerte de un menor de edad y dej\u00f3 a ocho personas lesionadas, entre ellas cinco hombres y tres mujeres.<\/p>\n\n\n\n<p>En respuesta al violento hecho, las fuerzas de seguridad de los tres niveles de Gobierno han desplegado un operativo de b\u00fasqueda en la zona para localizar y detener a los responsables del ataque. Este operativo incluye el uso de apoyo a\u00e9reo y unidades terrestres para rastrear al grupo criminal involucrado en la agresi\u00f3n.<\/p>\n\n\n\n<p>Extraoficialmente trascendi\u00f3 que el veh\u00edculo, tipo van, trasladaba a personas en situaci\u00f3n migrante, sin embargo, al momento se desconocen las circunstancias exactas de los hechos y no se ha confirmado esta versi\u00f3n por parte de las autoridades.<\/p>\n","protected":false},"excerpt":{"rendered":"<p>El ataque tuvo lugar alrededor de la 01:15 horas de este domingo y result\u00f3 en la tr\u00e1gica muerte, adem\u00e1s de ocho personas lesionadas, entre ellas cinco hombres y tres mujeres. Hermosillo, Sonora a 18 de agosto del 2024.- La Fiscal\u00eda General de Justicia del Estado de Sonora (Fgjes) ha iniciado una investigaci\u00f3n en torno al [&hellip;]<\/p>\n","protected":false},"author":1,"featured_media":7611,"comment_status":"open","ping_status":"open","sticky":false,"template":"","format":"standard","meta":{"footnotes":""},"categories":[32,39,26],"tags":[],"class_list":["post-7610","post","type-post","status-publish","format-standard","has-post-thumbnail","hentry","category-policiaca","category-politica","category-principal"],"_links":{"self":[{"href":"https:\/\/elreporterodelacomunidad.com\/index.php\/wp-json\/wp\/v2\/posts\/7610","targetHints":{"allow":["GET"]}}],"collection":[{"href":"https:\/\/elreporterodelacomunidad.com\/index.php\/wp-json\/wp\/v2\/posts"}],"about":[{"href":"https:\/\/elreporterodelacomunidad.com\/index.php\/wp-json\/wp\/v2\/types\/post"}],"author":[{"embeddable":true,"href":"https:\/\/elreporterodelacomunidad.com\/index.php\/wp-json\/wp\/v2\/users\/1"}],"replies":[{"embeddable":true,"href":"https:\/\/elreporterodelacomunidad.com\/index.php\/wp-json\/wp\/v2\/comments?post=7610"}],"version-history":[{"count":1,"href":"https:\/\/elreporterodelacomunidad.com\/index.php\/wp-json\/wp\/v2\/posts\/7610\/revisions"}],"predecessor-version":[{"id":7612,"href":"https:\/\/elreporterodelacomunidad.com\/index.php\/wp-json\/wp\/v2\/posts\/7610\/revisions\/7612"}],"wp:featuredmedia":[{"embeddable":true,"href":"https:\/\/elreporterodelacomunidad.com\/index.php\/wp-json\/wp\/v2\/media\/7611"}],"wp:attachment":[{"href":"https:\/\/elreporterodelacomunidad.com\/index.php\/wp-json\/wp\/v2\/media?parent=7610"}],"wp:term":[{"taxonomy":"category","embeddable":true,"href":"https:\/\/elreporterodelacomunidad.com\/index.php\/wp-json\/wp\/v2\/categories?post=7610"},{"taxonomy":"post_tag","embeddable":true,"href":"https:\/\/elreporterodelacomunidad.com\/index.php\/wp-json\/wp\/v2\/tags?post=7610"}],"curies":[{"name":"wp","href":"https:\/\/api.w.org\/{rel}","templated":true}]}}