{"id":7604,"date":"2024-08-18T13:56:19","date_gmt":"2024-08-18T20:56:19","guid":{"rendered":"https:\/\/elreporterodelacomunidad.com\/?p=7604"},"modified":"2024-08-18T13:56:22","modified_gmt":"2024-08-18T20:56:22","slug":"volcadura-en-la-carretera-26-y-quiroga-deja-a-una-persona-sin-vida","status":"publish","type":"post","link":"https:\/\/elreporterodelacomunidad.com\/index.php\/2024\/08\/18\/volcadura-en-la-carretera-26-y-quiroga-deja-a-una-persona-sin-vida\/","title":{"rendered":"Volcadura en la Carretera 26 y Quiroga deja a una persona sin vida."},"content":{"rendered":"\n<p>El accidente cobr\u00f3 la vida de una persona y otra m\u00e1s result\u00f3 herida este domingo, cerca de las 6:00 horas de la ma\u00f1ana.<\/p>\n\n\n\n<p>Hermosillo, Sonora a 18 de agosto del 2024.- Una persona sin vida y otra lesionada fue el saldo que dej\u00f3 un volcamiento registrado en Carretera 26 y bulevar Quiroga, al poniente de Hermosillo.<\/p>\n\n\n\n<p>El accidente vial encendi\u00f3 la alerta de los cuerpos de emergencias, quienes se dirigieron a atender el hecho a las inmediaciones del antiguo basur\u00f3n de la capital sonorense.<\/p>\n\n\n\n<p>Alrededor de las 6:50 horas fue cuando se report\u00f3 el volcamiento al n\u00famero de emergencias (9-1-1), presuntamente originado tras un choque con un mont\u00edculo de tierra, cuando el veh\u00edculo transitaba de poniente a oriente sobre la Carretera 26.<\/p>\n\n\n\n<p>Por el impacto, el carro termin\u00f3 por volcarse y quedar con los neum\u00e1ticos al cielo, adem\u00e1s de registrar serios da\u00f1os materiales mientras que sus dos tripulantes quedaron con heridas de consideraci\u00f3n.<\/p>\n\n\n\n<p>Al sitio se trasladaron elementos de Tr\u00e1nsito Municipal para atender la emergencia, llegando polic\u00edas de la unidad E-310 como primeros respondientes, reportando que el veh\u00edculo Accura TLX guinda se encontraba destrozado.<\/p>\n\n\n\n<p>Asimismo, se registr\u00f3 el hallazgo de dos personas en el lugar de los hechos, uno era un hombre que perdi\u00f3 la vida tras el accidente, as\u00ed como una mujer que estaba lesionada en la pierna derecha.<\/p>\n\n\n\n<p>Tambi\u00e9n se traslad\u00f3 personal de Servicios Periciales de la Fiscal\u00eda General de Justicia del Estado (FGJE) para realizar el procesamiento de la escena y determinar con hechos cient\u00edficos el fallecimiento del sujeto.<\/p>\n\n\n\n<p>Por otro lado, presuntamente el exceso de velocidad con el que circulaba el veh\u00edculo fue la causa del accidente, aunque ser\u00e1 la autoridad investigadora la encargada de dar a conocer el origen del siniestro.<\/p>\n","protected":false},"excerpt":{"rendered":"<p>El accidente cobr\u00f3 la vida de una persona y otra m\u00e1s result\u00f3 herida este domingo, cerca de las 6:00 horas de la ma\u00f1ana. Hermosillo, Sonora a 18 de agosto del 2024.- Una persona sin vida y otra lesionada fue el saldo que dej\u00f3 un volcamiento registrado en Carretera 26 y bulevar Quiroga, al poniente de [&hellip;]<\/p>\n","protected":false},"author":1,"featured_media":7605,"comment_status":"open","ping_status":"open","sticky":false,"template":"","format":"standard","meta":{"footnotes":""},"categories":[32,39],"tags":[],"class_list":["post-7604","post","type-post","status-publish","format-standard","has-post-thumbnail","hentry","category-policiaca","category-politica"],"_links":{"self":[{"href":"https:\/\/elreporterodelacomunidad.com\/index.php\/wp-json\/wp\/v2\/posts\/7604","targetHints":{"allow":["GET"]}}],"collection":[{"href":"https:\/\/elreporterodelacomunidad.com\/index.php\/wp-json\/wp\/v2\/posts"}],"about":[{"href":"https:\/\/elreporterodelacomunidad.com\/index.php\/wp-json\/wp\/v2\/types\/post"}],"author":[{"embeddable":true,"href":"https:\/\/elreporterodelacomunidad.com\/index.php\/wp-json\/wp\/v2\/users\/1"}],"replies":[{"embeddable":true,"href":"https:\/\/elreporterodelacomunidad.com\/index.php\/wp-json\/wp\/v2\/comments?post=7604"}],"version-history":[{"count":1,"href":"https:\/\/elreporterodelacomunidad.com\/index.php\/wp-json\/wp\/v2\/posts\/7604\/revisions"}],"predecessor-version":[{"id":7606,"href":"https:\/\/elreporterodelacomunidad.com\/index.php\/wp-json\/wp\/v2\/posts\/7604\/revisions\/7606"}],"wp:featuredmedia":[{"embeddable":true,"href":"https:\/\/elreporterodelacomunidad.com\/index.php\/wp-json\/wp\/v2\/media\/7605"}],"wp:attachment":[{"href":"https:\/\/elreporterodelacomunidad.com\/index.php\/wp-json\/wp\/v2\/media?parent=7604"}],"wp:term":[{"taxonomy":"category","embeddable":true,"href":"https:\/\/elreporterodelacomunidad.com\/index.php\/wp-json\/wp\/v2\/categories?post=7604"},{"taxonomy":"post_tag","embeddable":true,"href":"https:\/\/elreporterodelacomunidad.com\/index.php\/wp-json\/wp\/v2\/tags?post=7604"}],"curies":[{"name":"wp","href":"https:\/\/api.w.org\/{rel}","templated":true}]}}