{"id":7574,"date":"2024-08-16T19:24:59","date_gmt":"2024-08-17T02:24:59","guid":{"rendered":"https:\/\/elreporterodelacomunidad.com\/?p=7574"},"modified":"2024-08-16T19:25:04","modified_gmt":"2024-08-17T02:25:04","slug":"rescatan-a-ninos-de-3-y-7-anos-abandonados-en-una-casa-de-urbi-villa-del-prado-en-hermosillo","status":"publish","type":"post","link":"https:\/\/elreporterodelacomunidad.com\/index.php\/2024\/08\/16\/rescatan-a-ninos-de-3-y-7-anos-abandonados-en-una-casa-de-urbi-villa-del-prado-en-hermosillo\/","title":{"rendered":"Rescatan a ni\u00f1os de 3 y 7 a\u00f1os abandonados en una casa de Urbi Villa del Prado en Hermosillo."},"content":{"rendered":"\n<p>Ten\u00edan hambre y sed, dijeron que desde ayer los dej\u00f3 su mam\u00e1 en el lugar y no regres\u00f3.<\/p>\n\n\n\n<p>Hermosillo, Sonora a 16 de agosto del 2024.- Una ni\u00f1a de 3 a\u00f1os y un ni\u00f1o de 7 fueron encontrados abandonados en una vivienda en el fraccionamiento Urbi Villa del Prado, al sur de Hermosillo, seg\u00fan inform\u00f3 la Seguridad P\u00fablica Municipal.<\/p>\n\n\n\n<p>A las 12:28 horas de este viernes, los agentes preventivos P\u00e9rez \u00c1vila y Dessens Garc\u00eda acudieron a un llamado que reportaba a unos menores encerrados en una casa ubicada en las calles Cabrera y Hacienda del Sur.<\/p>\n\n\n\n<p>Al llegar, los polic\u00edas encontraron a los ni\u00f1os en condiciones de abandono, sucios, con hambre y sed. Los menores indicaron que su madre los hab\u00eda dejado en el lugar el d\u00eda anterior y no hab\u00eda regresado.<\/p>\n\n\n\n<p>Los oficiales se percataron de que la vivienda carec\u00eda de aparatos de refrigeraci\u00f3n y que se encontraba en un estado insalubre, con derrame de aguas negras, aparentemente del sanitario.<\/p>\n\n\n\n<p>El ni\u00f1o coment\u00f3 a los agentes que su padre estaba en un centro de rehabilitaci\u00f3n, por lo que los polic\u00edas procedieron a resguardar a los menores en la corporaci\u00f3n. Los agentes les proporcionaron agua y comida antes de presentarlos ante la autoridad correspondiente.<\/p>\n","protected":false},"excerpt":{"rendered":"<p>Ten\u00edan hambre y sed, dijeron que desde ayer los dej\u00f3 su mam\u00e1 en el lugar y no regres\u00f3. Hermosillo, Sonora a 16 de agosto del 2024.- Una ni\u00f1a de 3 a\u00f1os y un ni\u00f1o de 7 fueron encontrados abandonados en una vivienda en el fraccionamiento Urbi Villa del Prado, al sur de Hermosillo, seg\u00fan inform\u00f3 [&hellip;]<\/p>\n","protected":false},"author":1,"featured_media":7575,"comment_status":"open","ping_status":"open","sticky":false,"template":"","format":"standard","meta":{"footnotes":""},"categories":[32,39,26],"tags":[],"class_list":["post-7574","post","type-post","status-publish","format-standard","has-post-thumbnail","hentry","category-policiaca","category-politica","category-principal"],"_links":{"self":[{"href":"https:\/\/elreporterodelacomunidad.com\/index.php\/wp-json\/wp\/v2\/posts\/7574","targetHints":{"allow":["GET"]}}],"collection":[{"href":"https:\/\/elreporterodelacomunidad.com\/index.php\/wp-json\/wp\/v2\/posts"}],"about":[{"href":"https:\/\/elreporterodelacomunidad.com\/index.php\/wp-json\/wp\/v2\/types\/post"}],"author":[{"embeddable":true,"href":"https:\/\/elreporterodelacomunidad.com\/index.php\/wp-json\/wp\/v2\/users\/1"}],"replies":[{"embeddable":true,"href":"https:\/\/elreporterodelacomunidad.com\/index.php\/wp-json\/wp\/v2\/comments?post=7574"}],"version-history":[{"count":1,"href":"https:\/\/elreporterodelacomunidad.com\/index.php\/wp-json\/wp\/v2\/posts\/7574\/revisions"}],"predecessor-version":[{"id":7576,"href":"https:\/\/elreporterodelacomunidad.com\/index.php\/wp-json\/wp\/v2\/posts\/7574\/revisions\/7576"}],"wp:featuredmedia":[{"embeddable":true,"href":"https:\/\/elreporterodelacomunidad.com\/index.php\/wp-json\/wp\/v2\/media\/7575"}],"wp:attachment":[{"href":"https:\/\/elreporterodelacomunidad.com\/index.php\/wp-json\/wp\/v2\/media?parent=7574"}],"wp:term":[{"taxonomy":"category","embeddable":true,"href":"https:\/\/elreporterodelacomunidad.com\/index.php\/wp-json\/wp\/v2\/categories?post=7574"},{"taxonomy":"post_tag","embeddable":true,"href":"https:\/\/elreporterodelacomunidad.com\/index.php\/wp-json\/wp\/v2\/tags?post=7574"}],"curies":[{"name":"wp","href":"https:\/\/api.w.org\/{rel}","templated":true}]}}