{"id":7536,"date":"2024-08-16T16:35:02","date_gmt":"2024-08-16T23:35:02","guid":{"rendered":"https:\/\/elreporterodelacomunidad.com\/?p=7536"},"modified":"2024-08-16T16:35:04","modified_gmt":"2024-08-16T23:35:04","slug":"refleja-hermosillo-reduccion-de-54-en-homicidios-dolosos","status":"publish","type":"post","link":"https:\/\/elreporterodelacomunidad.com\/index.php\/2024\/08\/16\/refleja-hermosillo-reduccion-de-54-en-homicidios-dolosos\/","title":{"rendered":"Refleja Hermosillo reducci\u00f3n de 54% en homicidios dolosos."},"content":{"rendered":"\n<p><\/p>\n\n\n\n<p>En el marco de los operativos se efectuaron 12 cateos; AMIC ejecut\u00f3 44 \u00f3rdenes de aprehensi\u00f3n.<\/p>\n\n\n\n<p>Hermosillo, Sonora a 16 de agosto de 2024.- Las acciones efectuadas por el mando coordinado interinstitucional en la Ciudad de Hermosillo han llevado a una reducci\u00f3n del 54% en materia de homicidio doloso en la capital del Estado de Sonora, de acuerdo con las estad\u00edsticas de la Fiscal\u00eda General de Justicia del Estado de Sonora (FGJES).<\/p>\n\n\n\n<p>Dicha reducci\u00f3n en materia de homicidio doloso obedece a un comparativo entre los periodos del 22 de julio al 2 de agosto, en el que se registraron 13 muertes violentas en la ciudad de Hermosillo; contra el lapso del 3 al 14 de agosto, en el que, tras acciones implementadas, se registraron seis asesinatos en la capital sonorense.<\/p>\n\n\n\n<p>Por parte de la Fiscal\u00eda General de Justicia del Estado de Sonora (FGJES) y la Agencia Ministerial de Investigaci\u00f3n Criminal (AMIC), en este operativo se han efectuado 12 cateos, logrando la detenci\u00f3n de 17 personas en flagrancia delictiva.<\/p>\n\n\n\n<p>De igual forma, las carpetas de investigaci\u00f3n llevadas por esta representaci\u00f3n social llevaron a la ejecuci\u00f3n de 44 \u00f3rdenes de aprehensi\u00f3n por parte de elementos de la AMIC, 17 de ellas por delitos de alto impacto como privaci\u00f3n ilegal de la libertad, homicidio doloso, secuestro agravado y desaparici\u00f3n cometida por particulares.<\/p>\n\n\n\n<p>Adem\u00e1s de esto, en las diversas acciones se decomisaron tambi\u00e9n 53 envoltorios con marihuana, 228 con metanfetamina y 73 mil 120 litros de hidrocarburo (di\u00e9sel) as\u00ed como diversos indicios que servir\u00e1n en las respectivas investigaciones.<\/p>\n","protected":false},"excerpt":{"rendered":"<p>En el marco de los operativos se efectuaron 12 cateos; AMIC ejecut\u00f3 44 \u00f3rdenes de aprehensi\u00f3n. Hermosillo, Sonora a 16 de agosto de 2024.- Las acciones efectuadas por el mando coordinado interinstitucional en la Ciudad de Hermosillo han llevado a una reducci\u00f3n del 54% en materia de homicidio doloso en la capital del Estado de [&hellip;]<\/p>\n","protected":false},"author":1,"featured_media":7537,"comment_status":"open","ping_status":"open","sticky":false,"template":"","format":"standard","meta":{"footnotes":""},"categories":[34,32,39],"tags":[],"class_list":["post-7536","post","type-post","status-publish","format-standard","has-post-thumbnail","hentry","category-general","category-policiaca","category-politica"],"_links":{"self":[{"href":"https:\/\/elreporterodelacomunidad.com\/index.php\/wp-json\/wp\/v2\/posts\/7536","targetHints":{"allow":["GET"]}}],"collection":[{"href":"https:\/\/elreporterodelacomunidad.com\/index.php\/wp-json\/wp\/v2\/posts"}],"about":[{"href":"https:\/\/elreporterodelacomunidad.com\/index.php\/wp-json\/wp\/v2\/types\/post"}],"author":[{"embeddable":true,"href":"https:\/\/elreporterodelacomunidad.com\/index.php\/wp-json\/wp\/v2\/users\/1"}],"replies":[{"embeddable":true,"href":"https:\/\/elreporterodelacomunidad.com\/index.php\/wp-json\/wp\/v2\/comments?post=7536"}],"version-history":[{"count":1,"href":"https:\/\/elreporterodelacomunidad.com\/index.php\/wp-json\/wp\/v2\/posts\/7536\/revisions"}],"predecessor-version":[{"id":7538,"href":"https:\/\/elreporterodelacomunidad.com\/index.php\/wp-json\/wp\/v2\/posts\/7536\/revisions\/7538"}],"wp:featuredmedia":[{"embeddable":true,"href":"https:\/\/elreporterodelacomunidad.com\/index.php\/wp-json\/wp\/v2\/media\/7537"}],"wp:attachment":[{"href":"https:\/\/elreporterodelacomunidad.com\/index.php\/wp-json\/wp\/v2\/media?parent=7536"}],"wp:term":[{"taxonomy":"category","embeddable":true,"href":"https:\/\/elreporterodelacomunidad.com\/index.php\/wp-json\/wp\/v2\/categories?post=7536"},{"taxonomy":"post_tag","embeddable":true,"href":"https:\/\/elreporterodelacomunidad.com\/index.php\/wp-json\/wp\/v2\/tags?post=7536"}],"curies":[{"name":"wp","href":"https:\/\/api.w.org\/{rel}","templated":true}]}}