{"id":7524,"date":"2024-08-15T15:02:20","date_gmt":"2024-08-15T22:02:20","guid":{"rendered":"https:\/\/elreporterodelacomunidad.com\/?p=7524"},"modified":"2024-08-15T15:02:22","modified_gmt":"2024-08-15T22:02:22","slug":"declara-fiscalia-de-chihuahua-a-javier-corral-profugo-de-la-justicia","status":"publish","type":"post","link":"https:\/\/elreporterodelacomunidad.com\/index.php\/2024\/08\/15\/declara-fiscalia-de-chihuahua-a-javier-corral-profugo-de-la-justicia\/","title":{"rendered":"Declara Fiscal\u00eda de Chihuahua a Javier Corral pr\u00f3fugo de la justicia."},"content":{"rendered":"\n<p>El Fiscal Anticorrupci\u00f3n dijo que presuntamente, Javier corral habr\u00eda dispuesto de 98.6 mdp para la supuesta reestructura de la deuda estatal, en 2019 y 2020.<\/p>\n\n\n\n<p>Chihuahua a 15 de agosto del 2024.- El fiscal anticorrupci\u00f3n, Abelardo Valenzuela ofreci\u00f3 una rueda de prensa, para explicar la situaci\u00f3n por la cual emitieron una orden de aprehensi\u00f3n en contra del exgobernador, Javier Corral Jurado, quien se encuentra pr\u00f3fugo por el delito de peculado agravado.<\/p>\n\n\n\n<p>El Fiscal coment\u00f3 que, tanto Javier Corral Jurado y Antonio Fuentes Velez, habr\u00edan dispuesto de 98 millones 600 mil pesos, para la supuesta reestructura de la deuda estatal, en hechos acontecidos en el 2019 y 2020, investigaci\u00f3n que llev\u00f3 a cabo la Auditor\u00eda Superior del Estado (ASE).<\/p>\n\n\n\n<p>De acuerdo al resultado que present\u00f3 la ASE, en enero del 2023, deriv\u00f3 de la auditor\u00eda a la cuenta p\u00fablica 2021 que se hab\u00edan distra\u00eddo los 98.6 millones de pesos, para supuesta reestructuraci\u00f3n de la deuda, lo cual no ejecutaron, por lo cual se comprob\u00f3 el delito de peculado.<\/p>\n\n\n\n<p>Ante medios de comunicaci\u00f3n, el titular de la Fiscal\u00eda Anticorrupci\u00f3n explic\u00f3 que obtuvo de un juez de control, una orden de aprehensi\u00f3n en contra del exgobernador, a quien se refiri\u00f3 como J.C.J., por un desv\u00edo de recursos, delito conocido como peculado, por lo cual el pasado 14 de agosto, se presentaron en la Ciudad de M\u00e9xico para ejecutar la misma.<\/p>\n","protected":false},"excerpt":{"rendered":"<p>El Fiscal Anticorrupci\u00f3n dijo que presuntamente, Javier corral habr\u00eda dispuesto de 98.6 mdp para la supuesta reestructura de la deuda estatal, en 2019 y 2020. Chihuahua a 15 de agosto del 2024.- El fiscal anticorrupci\u00f3n, Abelardo Valenzuela ofreci\u00f3 una rueda de prensa, para explicar la situaci\u00f3n por la cual emitieron una orden de aprehensi\u00f3n en [&hellip;]<\/p>\n","protected":false},"author":1,"featured_media":7525,"comment_status":"open","ping_status":"open","sticky":false,"template":"","format":"standard","meta":{"footnotes":""},"categories":[28,39,26,29,27,45],"tags":[],"class_list":["post-7524","post","type-post","status-publish","format-standard","has-post-thumbnail","hentry","category-nacional","category-politica","category-principal","category-principalsecundaria","category-ultimahora","category-ultimasnoticias"],"_links":{"self":[{"href":"https:\/\/elreporterodelacomunidad.com\/index.php\/wp-json\/wp\/v2\/posts\/7524","targetHints":{"allow":["GET"]}}],"collection":[{"href":"https:\/\/elreporterodelacomunidad.com\/index.php\/wp-json\/wp\/v2\/posts"}],"about":[{"href":"https:\/\/elreporterodelacomunidad.com\/index.php\/wp-json\/wp\/v2\/types\/post"}],"author":[{"embeddable":true,"href":"https:\/\/elreporterodelacomunidad.com\/index.php\/wp-json\/wp\/v2\/users\/1"}],"replies":[{"embeddable":true,"href":"https:\/\/elreporterodelacomunidad.com\/index.php\/wp-json\/wp\/v2\/comments?post=7524"}],"version-history":[{"count":1,"href":"https:\/\/elreporterodelacomunidad.com\/index.php\/wp-json\/wp\/v2\/posts\/7524\/revisions"}],"predecessor-version":[{"id":7526,"href":"https:\/\/elreporterodelacomunidad.com\/index.php\/wp-json\/wp\/v2\/posts\/7524\/revisions\/7526"}],"wp:featuredmedia":[{"embeddable":true,"href":"https:\/\/elreporterodelacomunidad.com\/index.php\/wp-json\/wp\/v2\/media\/7525"}],"wp:attachment":[{"href":"https:\/\/elreporterodelacomunidad.com\/index.php\/wp-json\/wp\/v2\/media?parent=7524"}],"wp:term":[{"taxonomy":"category","embeddable":true,"href":"https:\/\/elreporterodelacomunidad.com\/index.php\/wp-json\/wp\/v2\/categories?post=7524"},{"taxonomy":"post_tag","embeddable":true,"href":"https:\/\/elreporterodelacomunidad.com\/index.php\/wp-json\/wp\/v2\/tags?post=7524"}],"curies":[{"name":"wp","href":"https:\/\/api.w.org\/{rel}","templated":true}]}}