{"id":7508,"date":"2024-08-15T14:06:27","date_gmt":"2024-08-15T21:06:27","guid":{"rendered":"https:\/\/elreporterodelacomunidad.com\/?p=7508"},"modified":"2024-08-15T14:06:29","modified_gmt":"2024-08-15T21:06:29","slug":"fgjes-formula-imputacion-contra-senalados-por-despojo-de-predios-del-gobierno-del-estado","status":"publish","type":"post","link":"https:\/\/elreporterodelacomunidad.com\/index.php\/2024\/08\/15\/fgjes-formula-imputacion-contra-senalados-por-despojo-de-predios-del-gobierno-del-estado\/","title":{"rendered":"FGJES formula imputaci\u00f3n contra se\u00f1alados por despojo de predios del Gobierno del Estado."},"content":{"rendered":"\n<p><strong>Guaymas, Sonora, 15 de agosto de 2024.-<\/strong>&nbsp;Debido a su probable responsabilidad por el delito de despojo, la Fiscal\u00eda General de Justicia del Estado de Sonora (FGJES), formul\u00f3 imputaci\u00f3n en contra de David \u201cN\u201d, de y Ger\u00f3nimo \u201cN\u201d, quienes fueron puestos en prisi\u00f3n preventiva justificada por determinaci\u00f3n del Juez.<\/p>\n\n\n\n<p>De acuerdo con la carpeta de investigaci\u00f3n iniciada por esta representaci\u00f3n social, los dos sujetos son se\u00f1alados como quienes, junto a otros copart\u00edcipes, se apropiaron de diversas extensiones de terreno propiedad del Gobierno del Estado de Sonora, las cuales se ubican en San Carlos, Nuevo Guaymas, Municipio de Guaymas, Sonora, en colindancia con el Bulevar Tetakawi.<\/p>\n\n\n\n<p>Dicha ocupaci\u00f3n ilegal presuntamente inici\u00f3 en febrero de 2022, efectuando diversas acciones como la divisi\u00f3n de predios, desmonte y cercado de \u00e1reas en la propiedad estatal, causando con ello un menoscabo patrimonial al Estado de Sonora.<\/p>\n\n\n\n<p>Al demostrarse la probable responsabilidad por estos hechos ante el Juez de Control, en audiencia se solicit\u00f3 la emisi\u00f3n de las \u00f3rdenes de aprehensi\u00f3n correspondientes, derivando en la captura de los se\u00f1alados por parte de la Agencia Ministerial de Investigaci\u00f3n Criminal (AMIC) el pasado 12 de agosto en Guaymas, Sonora.<\/p>\n\n\n\n<p>Tras su puesta a disposici\u00f3n se iniciaron las audiencias que la ley demanda, siendo en ellas donde se formul\u00f3 imputaci\u00f3n por parte de esta representaci\u00f3n social por el delito de despojo, tras esto, el juez impuso prisi\u00f3n preventiva justificada a los se\u00f1alados, quienes fueron internados en un centro de reinserci\u00f3n social a la espera de que sean los tribunales quienes resuelvan su situaci\u00f3n jur\u00eddica.<\/p>\n","protected":false},"excerpt":{"rendered":"<p>Guaymas, Sonora, 15 de agosto de 2024.-&nbsp;Debido a su probable responsabilidad por el delito de despojo, la Fiscal\u00eda General de Justicia del Estado de Sonora (FGJES), formul\u00f3 imputaci\u00f3n en contra de David \u201cN\u201d, de y Ger\u00f3nimo \u201cN\u201d, quienes fueron puestos en prisi\u00f3n preventiva justificada por determinaci\u00f3n del Juez. De acuerdo con la carpeta de investigaci\u00f3n [&hellip;]<\/p>\n","protected":false},"author":1,"featured_media":7509,"comment_status":"open","ping_status":"open","sticky":false,"template":"","format":"standard","meta":{"footnotes":""},"categories":[34,32,39],"tags":[],"class_list":["post-7508","post","type-post","status-publish","format-standard","has-post-thumbnail","hentry","category-general","category-policiaca","category-politica"],"_links":{"self":[{"href":"https:\/\/elreporterodelacomunidad.com\/index.php\/wp-json\/wp\/v2\/posts\/7508","targetHints":{"allow":["GET"]}}],"collection":[{"href":"https:\/\/elreporterodelacomunidad.com\/index.php\/wp-json\/wp\/v2\/posts"}],"about":[{"href":"https:\/\/elreporterodelacomunidad.com\/index.php\/wp-json\/wp\/v2\/types\/post"}],"author":[{"embeddable":true,"href":"https:\/\/elreporterodelacomunidad.com\/index.php\/wp-json\/wp\/v2\/users\/1"}],"replies":[{"embeddable":true,"href":"https:\/\/elreporterodelacomunidad.com\/index.php\/wp-json\/wp\/v2\/comments?post=7508"}],"version-history":[{"count":1,"href":"https:\/\/elreporterodelacomunidad.com\/index.php\/wp-json\/wp\/v2\/posts\/7508\/revisions"}],"predecessor-version":[{"id":7510,"href":"https:\/\/elreporterodelacomunidad.com\/index.php\/wp-json\/wp\/v2\/posts\/7508\/revisions\/7510"}],"wp:featuredmedia":[{"embeddable":true,"href":"https:\/\/elreporterodelacomunidad.com\/index.php\/wp-json\/wp\/v2\/media\/7509"}],"wp:attachment":[{"href":"https:\/\/elreporterodelacomunidad.com\/index.php\/wp-json\/wp\/v2\/media?parent=7508"}],"wp:term":[{"taxonomy":"category","embeddable":true,"href":"https:\/\/elreporterodelacomunidad.com\/index.php\/wp-json\/wp\/v2\/categories?post=7508"},{"taxonomy":"post_tag","embeddable":true,"href":"https:\/\/elreporterodelacomunidad.com\/index.php\/wp-json\/wp\/v2\/tags?post=7508"}],"curies":[{"name":"wp","href":"https:\/\/api.w.org\/{rel}","templated":true}]}}