{"id":7485,"date":"2024-08-13T15:55:03","date_gmt":"2024-08-13T22:55:03","guid":{"rendered":"https:\/\/elreporterodelacomunidad.com\/?p=7485"},"modified":"2024-08-13T15:55:05","modified_gmt":"2024-08-13T22:55:05","slug":"abandera-tono-astiazaran-a-seleccion-hermosillo-de-deporte-adaptado","status":"publish","type":"post","link":"https:\/\/elreporterodelacomunidad.com\/index.php\/2024\/08\/13\/abandera-tono-astiazaran-a-seleccion-hermosillo-de-deporte-adaptado\/","title":{"rendered":"Abandera To\u00f1o Astiazar\u00e1n a selecci\u00f3n Hermosillo de deporte adaptado."},"content":{"rendered":"\n<p>Por segundo a\u00f1o consecutivo apoya a la selecci\u00f3n rumbo a su competencia estatal el 16 y 17 de agosto en Hermosillo.<\/p>\n\n\n\n<p>Hermosillo, Sonora; 13 de agosto, 2024.- \u201cPor segundo a\u00f1o consecutivo estamos apoyando a nuestros deportistas para que nos representen con dignidad en esta competencia\u201d, expres\u00f3 Antonio Astiazar\u00e1n durante el abanderamiento de la selecci\u00f3n Hermosillo de deporte adaptado.<\/p>\n\n\n\n<p>El Presidente Municipal entreg\u00f3 uniformes a deportistas que los pr\u00f3ximos 16 y 17 de agosto participar\u00e1n en la competencia estatal a realizarse en Hermosillo.<\/p>\n\n\n\n<p>Durante la ceremonia en el Parque Madero reconoci\u00f3 el talento y dedicaci\u00f3n del contingente conformado por 73 paratletas, 23 entrenadoras y entrenadores y 7 auxiliares de diversas disciplinas.<\/p>\n\n\n\n<p>\u201cGracias a todas y todos ustedes por hacernos sentir tan orgullosos. Le vamos a seguir echando muchas ganas para arreglar m\u00e1s espacios deportivos y nuestra ciudad cuente por primera vez con una unidad especial para el deporte adaptado\u201d, agreg\u00f3.<\/p>\n\n\n\n<p>Efr\u00e1n Minjarez, entrenador del deporte adaptado agradeci\u00f3 el apoyo por parte del Presidente Municipal para que deportistas puedan realizar sus entrenamientos rumbo a esta competencia en la que esperan obtener buenos resultados.<\/p>\n\n\n\n<p>Estuvo presente Edgar Ulises Fuentes, atleta paral\u00edmpico que participar\u00e1 en Par\u00eds 2024 y deportistas de boccia, golbol, paratletismo, paranataci\u00f3n y tenis de mesa, entre otras disciplinas.<\/p>\n\n\n\n<p>Asistieron tambi\u00e9n: Armando Labrada, director del Instituto del Deporte de Hermosillo (IDH); Gerardo Valenzuela, director deportivo del IDH y Axel Yuriel Ruiz Meza, deportista de paratletismo en la modalidad de par\u00e1lisis cerebral.<\/p>\n","protected":false},"excerpt":{"rendered":"<p>Por segundo a\u00f1o consecutivo apoya a la selecci\u00f3n rumbo a su competencia estatal el 16 y 17 de agosto en Hermosillo. Hermosillo, Sonora; 13 de agosto, 2024.- \u201cPor segundo a\u00f1o consecutivo estamos apoyando a nuestros deportistas para que nos representen con dignidad en esta competencia\u201d, expres\u00f3 Antonio Astiazar\u00e1n durante el abanderamiento de la selecci\u00f3n Hermosillo [&hellip;]<\/p>\n","protected":false},"author":1,"featured_media":7486,"comment_status":"open","ping_status":"open","sticky":false,"template":"","format":"standard","meta":{"footnotes":""},"categories":[33,39,26,29,27,45],"tags":[],"class_list":["post-7485","post","type-post","status-publish","format-standard","has-post-thumbnail","hentry","category-deportes","category-politica","category-principal","category-principalsecundaria","category-ultimahora","category-ultimasnoticias"],"_links":{"self":[{"href":"https:\/\/elreporterodelacomunidad.com\/index.php\/wp-json\/wp\/v2\/posts\/7485","targetHints":{"allow":["GET"]}}],"collection":[{"href":"https:\/\/elreporterodelacomunidad.com\/index.php\/wp-json\/wp\/v2\/posts"}],"about":[{"href":"https:\/\/elreporterodelacomunidad.com\/index.php\/wp-json\/wp\/v2\/types\/post"}],"author":[{"embeddable":true,"href":"https:\/\/elreporterodelacomunidad.com\/index.php\/wp-json\/wp\/v2\/users\/1"}],"replies":[{"embeddable":true,"href":"https:\/\/elreporterodelacomunidad.com\/index.php\/wp-json\/wp\/v2\/comments?post=7485"}],"version-history":[{"count":1,"href":"https:\/\/elreporterodelacomunidad.com\/index.php\/wp-json\/wp\/v2\/posts\/7485\/revisions"}],"predecessor-version":[{"id":7487,"href":"https:\/\/elreporterodelacomunidad.com\/index.php\/wp-json\/wp\/v2\/posts\/7485\/revisions\/7487"}],"wp:featuredmedia":[{"embeddable":true,"href":"https:\/\/elreporterodelacomunidad.com\/index.php\/wp-json\/wp\/v2\/media\/7486"}],"wp:attachment":[{"href":"https:\/\/elreporterodelacomunidad.com\/index.php\/wp-json\/wp\/v2\/media?parent=7485"}],"wp:term":[{"taxonomy":"category","embeddable":true,"href":"https:\/\/elreporterodelacomunidad.com\/index.php\/wp-json\/wp\/v2\/categories?post=7485"},{"taxonomy":"post_tag","embeddable":true,"href":"https:\/\/elreporterodelacomunidad.com\/index.php\/wp-json\/wp\/v2\/tags?post=7485"}],"curies":[{"name":"wp","href":"https:\/\/api.w.org\/{rel}","templated":true}]}}