{"id":7470,"date":"2024-08-09T21:20:43","date_gmt":"2024-08-10T04:20:43","guid":{"rendered":"https:\/\/elreporterodelacomunidad.com\/?p=7470"},"modified":"2024-08-09T21:20:45","modified_gmt":"2024-08-10T04:20:45","slug":"el-mayo-zambada-fue-llevado-a-eu-en-contra-de-su-voluntad-ken-salazar","status":"publish","type":"post","link":"https:\/\/elreporterodelacomunidad.com\/index.php\/2024\/08\/09\/el-mayo-zambada-fue-llevado-a-eu-en-contra-de-su-voluntad-ken-salazar\/","title":{"rendered":"\u201cEl Mayo\u201d Zambada fue llevado a EU en contra de su voluntad: Ken Salazar."},"content":{"rendered":"\n<p>El embajador de EU en M\u00e9xico neg\u00f3 enf\u00e1ticamente el involucramiento de autoridades estadounidenses en el traslado de \u201cEl Mayo\u201d hacia Texas.<\/p>\n\n\n\n<p>ESTADOS UNIDOS a 09 de agosto del 2024.- El embajador de Estados Unidos en M\u00e9xico, Ken Salazar, aclar\u00f3 que Ismael \u201cEl Mayo\u201d Zambada fue trasladado en contra de su voluntad a un aeropuerto privado en Santa Teresa, Nuevo M\u00e9xico, y desminti\u00f3 las versiones que sugieren que agentes estadounidenses estuvieron involucrados en su detenci\u00f3n.<\/p>\n\n\n\n<p>Ken Salazar responde a cr\u00edticas de AMLO<\/p>\n\n\n\n<p>En una conferencia de prensa, Salazar respondi\u00f3 a las dudas planteadas por el presidente Andr\u00e9s Manuel L\u00f3pez Obrador, quien hab\u00eda criticado la falta de cooperaci\u00f3n de Estados Unidos en las detenciones de Zambada y Joaqu\u00edn Guzm\u00e1n L\u00f3pez.<\/p>\n\n\n\n<p>\u201cTrabajamos siempre con el respeto a la soberan\u00eda de M\u00e9xico y con principios acordados con el presidente L\u00f3pez Obrador\u201d: Ken Salazar.<\/p>\n\n\n\n<p>En su conferencia del 9 de agosto, el presidente subray\u00f3 la falta de datos espec\u00edficos sobre la operaci\u00f3n. Hab\u00eda se\u00f1alado que Estados Unidos proporcion\u00f3 informaci\u00f3n muy general sobre un avi\u00f3n que aterriz\u00f3 en El Paso, Texas, sin detalles suficientes sobre c\u00f3mo llegaron los capos.<\/p>\n\n\n\n<p>\u201cEl entendimiento de nosotros es que sali\u00f3 el vuelo de Sinaloa y va llegando as\u00ed a Santa Teresa, Nuevo M\u00e9xico\u201d: Ken Salazar.<\/p>\n\n\n\n<p>Ken Salazar desmiente la participaci\u00f3n de EU en el arresto<\/p>\n\n\n\n<p>Salazar explic\u00f3 que Estados Unidos no particip\u00f3 en la detenci\u00f3n ni en el traslado de Zambada, y que, seg\u00fan la informaci\u00f3n disponible, el traslado a Nuevo M\u00e9xico fue una operaci\u00f3n interna entre c\u00e1rteles.<\/p>\n\n\n\n<p>\u201cNo hubo recursos estadounidenses involucrados en esta operaci\u00f3n; no fue un avi\u00f3n de Estados Unidos, ni un piloto estadounidense, ni agentes estadounidenses en M\u00e9xico\u201d: Ken Salazar.<\/p>\n\n\n\n<p>M\u00faltiples versiones del arresto de \u201cEl Mayo\u201d<\/p>\n\n\n\n<p>Los detalles sobre c\u00f3mo Zambada lleg\u00f3 al avi\u00f3n siguen siendo inciertos. Desde la detenci\u00f3n de Joaqu\u00edn Guzm\u00e1n L\u00f3pez y El Mayo Zambada hace dos semanas, han surgido varias teor\u00edas sobre los eventos que llevaron a su captura.<\/p>\n\n\n\n<p>Algunas versiones sugieren una traici\u00f3n por parte de Guzm\u00e1n L\u00f3pez hacia Zambada, con informes que indican que El Mayo pudo haber sido secuestrado.<\/p>\n\n\n\n<p>El abogado Frank P\u00e9rez y los periodistas Ioan Grillo y Juan Alberto Cedillo han reportado que El Mayo Zambada fue golpeado y obligado a subir al vuelo hacia Estados Unidos, donde viajaban s\u00f3lo tres personas: Guzm\u00e1n, Zambada y el piloto.<\/p>\n\n\n\n<p>Algunos informes mencionan la participaci\u00f3n de al menos seis personas en el operativo, describi\u00e9ndolas como militares o agentes estadounidenses. Lo cual Salazar neg\u00f3 enf\u00e1ticamente durante su conferencia de prensa.<\/p>\n","protected":false},"excerpt":{"rendered":"<p>El embajador de EU en M\u00e9xico neg\u00f3 enf\u00e1ticamente el involucramiento de autoridades estadounidenses en el traslado de \u201cEl Mayo\u201d hacia Texas. ESTADOS UNIDOS a 09 de agosto del 2024.- El embajador de Estados Unidos en M\u00e9xico, Ken Salazar, aclar\u00f3 que Ismael \u201cEl Mayo\u201d Zambada fue trasladado en contra de su voluntad a un aeropuerto privado [&hellip;]<\/p>\n","protected":false},"author":1,"featured_media":7471,"comment_status":"open","ping_status":"open","sticky":false,"template":"","format":"standard","meta":{"footnotes":""},"categories":[30,39,26,29,27,45],"tags":[],"class_list":["post-7470","post","type-post","status-publish","format-standard","has-post-thumbnail","hentry","category-internacional","category-politica","category-principal","category-principalsecundaria","category-ultimahora","category-ultimasnoticias"],"_links":{"self":[{"href":"https:\/\/elreporterodelacomunidad.com\/index.php\/wp-json\/wp\/v2\/posts\/7470","targetHints":{"allow":["GET"]}}],"collection":[{"href":"https:\/\/elreporterodelacomunidad.com\/index.php\/wp-json\/wp\/v2\/posts"}],"about":[{"href":"https:\/\/elreporterodelacomunidad.com\/index.php\/wp-json\/wp\/v2\/types\/post"}],"author":[{"embeddable":true,"href":"https:\/\/elreporterodelacomunidad.com\/index.php\/wp-json\/wp\/v2\/users\/1"}],"replies":[{"embeddable":true,"href":"https:\/\/elreporterodelacomunidad.com\/index.php\/wp-json\/wp\/v2\/comments?post=7470"}],"version-history":[{"count":1,"href":"https:\/\/elreporterodelacomunidad.com\/index.php\/wp-json\/wp\/v2\/posts\/7470\/revisions"}],"predecessor-version":[{"id":7472,"href":"https:\/\/elreporterodelacomunidad.com\/index.php\/wp-json\/wp\/v2\/posts\/7470\/revisions\/7472"}],"wp:featuredmedia":[{"embeddable":true,"href":"https:\/\/elreporterodelacomunidad.com\/index.php\/wp-json\/wp\/v2\/media\/7471"}],"wp:attachment":[{"href":"https:\/\/elreporterodelacomunidad.com\/index.php\/wp-json\/wp\/v2\/media?parent=7470"}],"wp:term":[{"taxonomy":"category","embeddable":true,"href":"https:\/\/elreporterodelacomunidad.com\/index.php\/wp-json\/wp\/v2\/categories?post=7470"},{"taxonomy":"post_tag","embeddable":true,"href":"https:\/\/elreporterodelacomunidad.com\/index.php\/wp-json\/wp\/v2\/tags?post=7470"}],"curies":[{"name":"wp","href":"https:\/\/api.w.org\/{rel}","templated":true}]}}