{"id":7343,"date":"2024-08-07T20:21:59","date_gmt":"2024-08-08T03:21:59","guid":{"rendered":"https:\/\/elreporterodelacomunidad.com\/?p=7343"},"modified":"2024-08-07T20:22:02","modified_gmt":"2024-08-08T03:22:02","slug":"se-incendia-autobus-de-pasajeros-en-carretera-entre-caborca-y-sonoyta","status":"publish","type":"post","link":"https:\/\/elreporterodelacomunidad.com\/index.php\/2024\/08\/07\/se-incendia-autobus-de-pasajeros-en-carretera-entre-caborca-y-sonoyta\/","title":{"rendered":"Se incendia autob\u00fas de pasajeros en carretera entre Caborca y Sonoyta."},"content":{"rendered":"\n<p>Hermosillo, Sonora.- Se incendi\u00f3 un autob\u00fas de pasajeros en la carretera entre Caborca y Sonoyta, sin reporte de fallecidos ni lesionados.<\/p>\n\n\n\n<p>El percance que atendi\u00f3 Bomberos y la Guardia Nacional se suscit\u00f3 este 6 de agosto, a la altura del kil\u00f3metro 148 de la ruta estatal entre las dos poblaciones, alrededor de las 18:00 horas.<\/p>\n\n\n\n<p>La Coordinaci\u00f3n Estatal de Protecci\u00f3n Civil (CEPC) de Sonora confirm\u00f3 que en el incidente no hubo p\u00e9rdidas humanas ni afectaciones mayores que la p\u00e9rdida total de la unidad de transporte.<\/p>\n\n\n\n<p>Cabe destacar que se identific\u00f3 que el veh\u00edculo proven\u00eda de Oaxaca, con destino a San Quint\u00edn, Baja California.<\/p>\n","protected":false},"excerpt":{"rendered":"<p>Hermosillo, Sonora.- Se incendi\u00f3 un autob\u00fas de pasajeros en la carretera entre Caborca y Sonoyta, sin reporte de fallecidos ni lesionados. El percance que atendi\u00f3 Bomberos y la Guardia Nacional se suscit\u00f3 este 6 de agosto, a la altura del kil\u00f3metro 148 de la ruta estatal entre las dos poblaciones, alrededor de las 18:00 horas. [&hellip;]<\/p>\n","protected":false},"author":1,"featured_media":7344,"comment_status":"open","ping_status":"open","sticky":false,"template":"","format":"standard","meta":{"footnotes":""},"categories":[32,39],"tags":[],"class_list":["post-7343","post","type-post","status-publish","format-standard","has-post-thumbnail","hentry","category-policiaca","category-politica"],"_links":{"self":[{"href":"https:\/\/elreporterodelacomunidad.com\/index.php\/wp-json\/wp\/v2\/posts\/7343","targetHints":{"allow":["GET"]}}],"collection":[{"href":"https:\/\/elreporterodelacomunidad.com\/index.php\/wp-json\/wp\/v2\/posts"}],"about":[{"href":"https:\/\/elreporterodelacomunidad.com\/index.php\/wp-json\/wp\/v2\/types\/post"}],"author":[{"embeddable":true,"href":"https:\/\/elreporterodelacomunidad.com\/index.php\/wp-json\/wp\/v2\/users\/1"}],"replies":[{"embeddable":true,"href":"https:\/\/elreporterodelacomunidad.com\/index.php\/wp-json\/wp\/v2\/comments?post=7343"}],"version-history":[{"count":1,"href":"https:\/\/elreporterodelacomunidad.com\/index.php\/wp-json\/wp\/v2\/posts\/7343\/revisions"}],"predecessor-version":[{"id":7345,"href":"https:\/\/elreporterodelacomunidad.com\/index.php\/wp-json\/wp\/v2\/posts\/7343\/revisions\/7345"}],"wp:featuredmedia":[{"embeddable":true,"href":"https:\/\/elreporterodelacomunidad.com\/index.php\/wp-json\/wp\/v2\/media\/7344"}],"wp:attachment":[{"href":"https:\/\/elreporterodelacomunidad.com\/index.php\/wp-json\/wp\/v2\/media?parent=7343"}],"wp:term":[{"taxonomy":"category","embeddable":true,"href":"https:\/\/elreporterodelacomunidad.com\/index.php\/wp-json\/wp\/v2\/categories?post=7343"},{"taxonomy":"post_tag","embeddable":true,"href":"https:\/\/elreporterodelacomunidad.com\/index.php\/wp-json\/wp\/v2\/tags?post=7343"}],"curies":[{"name":"wp","href":"https:\/\/api.w.org\/{rel}","templated":true}]}}