{"id":7266,"date":"2024-08-06T18:42:12","date_gmt":"2024-08-07T01:42:12","guid":{"rendered":"https:\/\/elreporterodelacomunidad.com\/?p=7266"},"modified":"2024-08-06T18:42:14","modified_gmt":"2024-08-07T01:42:14","slug":"futuros-docentes-realizaran-practicas-profesionales-en-escuelas-publicas-de-nivel-basico-sec","status":"publish","type":"post","link":"https:\/\/elreporterodelacomunidad.com\/index.php\/2024\/08\/06\/futuros-docentes-realizaran-practicas-profesionales-en-escuelas-publicas-de-nivel-basico-sec\/","title":{"rendered":"Futuros docentes\u00a0realizar\u00e1n pr\u00e1cticas profesionales\u00a0en escuelas p\u00fablicas de nivel b\u00e1sico: SEC."},"content":{"rendered":"\n<p>Se formaliz\u00f3 dicha estrategia a trav\u00e9s de un convenio con Creson.<\/p>\n\n\n\n<p><strong>Hermosillo, Sonora; 6 de agosto del 2024<\/strong>.-\u00a0Estudiantes de las escuelas formadoras de docentes en Sonora, adscritas al Centro Regional de Formaci\u00f3n Profesional Docente (Creson), podr\u00e1n realizar sus pr\u00e1cticas profesionales de manera formal en los planteles p\u00fablicos de nivel b\u00e1sico de la entidad, anunci\u00f3 Froyl\u00e1n G\u00e1mez Gamboa.<\/p>\n\n\n\n<p>El titular de la Secretar\u00eda de Educaci\u00f3n y Cultura (SEC), firm\u00f3 un convenio de colaboraci\u00f3n con el rector del Creson, Luis Ernesto Flores Fontes, lo que garantiza a los futuros maestros y maestras la oportunidad de conocer diversos contextos socioculturales y geogr\u00e1ficos, a la vez que observan y aprenden de los docentes en servicio.<\/p>\n\n\n\n<p>G\u00e1mez Gamboa indic\u00f3 que dicha alianza es una manera de construir sociedad, como lo plantea la Nueva Escuela Mexicana (NEM), mediante un esfuerzo interinstitucional para que la educaci\u00f3n siga siendo de excelencia al inculcarle a los estudiantes normalistas y de las unidades de la Universidad Pedag\u00f3gica Nacional (UPN), el amor y la pasi\u00f3n por la docencia.<\/p>\n\n\n\n<p>Por su parte, el rector del Creson explic\u00f3 que, aunque ya exist\u00eda este mecanismo, se definieron los criterios para la prestaci\u00f3n de pr\u00e1cticas profesionales por parte del estudiantado de las ocho escuelas Normales y los ocho planteles de la UPN en la entidad.<\/p>\n\n\n\n<p>Al respecto, autoridades de las secciones 28 y 54 del Sindicato Nacional de Trabajadores de la Educaci\u00f3n (SNTE) coincidieron en la importancia de sensibilizarles sobre el quehacer educativo desde las aulas y que este trayecto formativo asegure que los normalistas culminar\u00e1n sus estudios con altos est\u00e1ndares en su perfil de egreso.<\/p>\n","protected":false},"excerpt":{"rendered":"<p>Se formaliz\u00f3 dicha estrategia a trav\u00e9s de un convenio con Creson. Hermosillo, Sonora; 6 de agosto del 2024.-\u00a0Estudiantes de las escuelas formadoras de docentes en Sonora, adscritas al Centro Regional de Formaci\u00f3n Profesional Docente (Creson), podr\u00e1n realizar sus pr\u00e1cticas profesionales de manera formal en los planteles p\u00fablicos de nivel b\u00e1sico de la entidad, anunci\u00f3 Froyl\u00e1n [&hellip;]<\/p>\n","protected":false},"author":1,"featured_media":7267,"comment_status":"open","ping_status":"open","sticky":false,"template":"","format":"standard","meta":{"footnotes":""},"categories":[36,34,39],"tags":[],"class_list":["post-7266","post","type-post","status-publish","format-standard","has-post-thumbnail","hentry","category-educacion","category-general","category-politica"],"_links":{"self":[{"href":"https:\/\/elreporterodelacomunidad.com\/index.php\/wp-json\/wp\/v2\/posts\/7266","targetHints":{"allow":["GET"]}}],"collection":[{"href":"https:\/\/elreporterodelacomunidad.com\/index.php\/wp-json\/wp\/v2\/posts"}],"about":[{"href":"https:\/\/elreporterodelacomunidad.com\/index.php\/wp-json\/wp\/v2\/types\/post"}],"author":[{"embeddable":true,"href":"https:\/\/elreporterodelacomunidad.com\/index.php\/wp-json\/wp\/v2\/users\/1"}],"replies":[{"embeddable":true,"href":"https:\/\/elreporterodelacomunidad.com\/index.php\/wp-json\/wp\/v2\/comments?post=7266"}],"version-history":[{"count":1,"href":"https:\/\/elreporterodelacomunidad.com\/index.php\/wp-json\/wp\/v2\/posts\/7266\/revisions"}],"predecessor-version":[{"id":7268,"href":"https:\/\/elreporterodelacomunidad.com\/index.php\/wp-json\/wp\/v2\/posts\/7266\/revisions\/7268"}],"wp:featuredmedia":[{"embeddable":true,"href":"https:\/\/elreporterodelacomunidad.com\/index.php\/wp-json\/wp\/v2\/media\/7267"}],"wp:attachment":[{"href":"https:\/\/elreporterodelacomunidad.com\/index.php\/wp-json\/wp\/v2\/media?parent=7266"}],"wp:term":[{"taxonomy":"category","embeddable":true,"href":"https:\/\/elreporterodelacomunidad.com\/index.php\/wp-json\/wp\/v2\/categories?post=7266"},{"taxonomy":"post_tag","embeddable":true,"href":"https:\/\/elreporterodelacomunidad.com\/index.php\/wp-json\/wp\/v2\/tags?post=7266"}],"curies":[{"name":"wp","href":"https:\/\/api.w.org\/{rel}","templated":true}]}}