{"id":7250,"date":"2024-08-06T14:20:28","date_gmt":"2024-08-06T21:20:28","guid":{"rendered":"https:\/\/elreporterodelacomunidad.com\/?p=7250"},"modified":"2024-08-06T14:20:30","modified_gmt":"2024-08-06T21:20:30","slug":"fgr-obtiene-prision-preventiva-justificada-contra-dos-personas-por-transportar-a-20-migrantes","status":"publish","type":"post","link":"https:\/\/elreporterodelacomunidad.com\/index.php\/2024\/08\/06\/fgr-obtiene-prision-preventiva-justificada-contra-dos-personas-por-transportar-a-20-migrantes\/","title":{"rendered":"FGR obtiene prisi\u00f3n preventiva justificada contra dos personas por transportar a 20 migrantes."},"content":{"rendered":"\n<p>Hermosillo, Sonora a 06 de Agosto del 2024.- El Ministerio P\u00fablico de la Fiscal\u00eda General de la Rep\u00fablica (FGR) en su Fiscal\u00eda Federal en Sonora, obtuvo del Juez de Control vinculaci\u00f3n a proceso y prisi\u00f3n preventiva justificada en contra de dos personas por su probable responsabilidad en la comisi\u00f3n del delito de violaci\u00f3n a la Ley de Migraci\u00f3n en su vertiente de Transporte de Personas Migrantes.<\/p>\n\n\n\n<p>De acuerdo con la Carpeta de Investigaci\u00f3n, este hecho fue registrado cuando elementos de la Guardia Nacional (GN), en el Puesto de control militar \u201cCucapah\u201d, ubicado en el kil\u00f3metro 176.5 de la carretera Federal 2, tramo Sonoyta \u2013 San Luis R\u00edo Colorado, Sonora, detuvieron a Jorge \u201cR\u201d y a Jos\u00e9 \u201cG\u201d, quienes viajaban a bordo de un tractocami\u00f3n, procedente de Santa Catarina, Nuevo Le\u00f3n, con destino a Tijuana, Baja California.<\/p>\n\n\n\n<p>Al momento de inspeccionar dicha unidad, los elementos militares llevaron a cabo el rescate de 20 personas originarias de Rep\u00fablica Dominicana, Turqu\u00eda y Jordania, las cuales no contaban con la documentaci\u00f3n correspondiente.<\/p>\n\n\n\n<p>El Juez de Control adscrito al Centro de Justicia Penal Federal en Sonora, despu\u00e9s de que la defensa de los imputados se acogi\u00f3 a diversos recursos, los vincul\u00f3 a proceso e impuso prisi\u00f3n preventiva justificada como medida cautelar y otorg\u00f3 un plazo de cuatro meses para la investigaci\u00f3n complementaria.<\/p>\n","protected":false},"excerpt":{"rendered":"<p>Hermosillo, Sonora a 06 de Agosto del 2024.- El Ministerio P\u00fablico de la Fiscal\u00eda General de la Rep\u00fablica (FGR) en su Fiscal\u00eda Federal en Sonora, obtuvo del Juez de Control vinculaci\u00f3n a proceso y prisi\u00f3n preventiva justificada en contra de dos personas por su probable responsabilidad en la comisi\u00f3n del delito de violaci\u00f3n a la [&hellip;]<\/p>\n","protected":false},"author":1,"featured_media":7251,"comment_status":"open","ping_status":"open","sticky":false,"template":"","format":"standard","meta":{"footnotes":""},"categories":[34,32,39],"tags":[],"class_list":["post-7250","post","type-post","status-publish","format-standard","has-post-thumbnail","hentry","category-general","category-policiaca","category-politica"],"_links":{"self":[{"href":"https:\/\/elreporterodelacomunidad.com\/index.php\/wp-json\/wp\/v2\/posts\/7250","targetHints":{"allow":["GET"]}}],"collection":[{"href":"https:\/\/elreporterodelacomunidad.com\/index.php\/wp-json\/wp\/v2\/posts"}],"about":[{"href":"https:\/\/elreporterodelacomunidad.com\/index.php\/wp-json\/wp\/v2\/types\/post"}],"author":[{"embeddable":true,"href":"https:\/\/elreporterodelacomunidad.com\/index.php\/wp-json\/wp\/v2\/users\/1"}],"replies":[{"embeddable":true,"href":"https:\/\/elreporterodelacomunidad.com\/index.php\/wp-json\/wp\/v2\/comments?post=7250"}],"version-history":[{"count":1,"href":"https:\/\/elreporterodelacomunidad.com\/index.php\/wp-json\/wp\/v2\/posts\/7250\/revisions"}],"predecessor-version":[{"id":7252,"href":"https:\/\/elreporterodelacomunidad.com\/index.php\/wp-json\/wp\/v2\/posts\/7250\/revisions\/7252"}],"wp:featuredmedia":[{"embeddable":true,"href":"https:\/\/elreporterodelacomunidad.com\/index.php\/wp-json\/wp\/v2\/media\/7251"}],"wp:attachment":[{"href":"https:\/\/elreporterodelacomunidad.com\/index.php\/wp-json\/wp\/v2\/media?parent=7250"}],"wp:term":[{"taxonomy":"category","embeddable":true,"href":"https:\/\/elreporterodelacomunidad.com\/index.php\/wp-json\/wp\/v2\/categories?post=7250"},{"taxonomy":"post_tag","embeddable":true,"href":"https:\/\/elreporterodelacomunidad.com\/index.php\/wp-json\/wp\/v2\/tags?post=7250"}],"curies":[{"name":"wp","href":"https:\/\/api.w.org\/{rel}","templated":true}]}}