{"id":7247,"date":"2024-08-06T11:55:57","date_gmt":"2024-08-06T18:55:57","guid":{"rendered":"https:\/\/elreporterodelacomunidad.com\/?p=7247"},"modified":"2024-08-06T11:55:59","modified_gmt":"2024-08-06T18:55:59","slug":"fgr-obtiene-sentencia-de-once-anos-de-prision-contra-una-persona-detenida-con-armas-y-narcoticos","status":"publish","type":"post","link":"https:\/\/elreporterodelacomunidad.com\/index.php\/2024\/08\/06\/fgr-obtiene-sentencia-de-once-anos-de-prision-contra-una-persona-detenida-con-armas-y-narcoticos\/","title":{"rendered":"FGR obtiene sentencia de once a\u00f1os de prisi\u00f3n contra una persona detenida con armas y narc\u00f3ticos."},"content":{"rendered":"\n<p>Hermosillo, Sonora a 06 de Agosto del 2024.- La Fiscal\u00eda General de la Rep\u00fablica (FGR), a trav\u00e9s de su Fiscal\u00eda Federal en el Estado de Sonora, obtuvo del Juez de Distrito Especializado en el Sistema Penal Acusatorio, del Centro de Justicia Penal Federal en la entidad, en procedimiento abreviado, sentencia condenatoria en contra de una persona por los delitos de Portaci\u00f3n de Arma de Fuego de uso exclusivo de las Fuerzas Armadas, Posesi\u00f3n de Cargadores y Cartuchos de uso exclusivo de las Fuerzas Armadas, contra la salud en la modalidad de posesi\u00f3n con fines de venta de marihuana y metanfetamina.<\/p>\n\n\n\n<p>De acuerdo con la investigaci\u00f3n, el 9 de diciembre de 2023, elementos de la Polic\u00eda Municipal en coordinaci\u00f3n con elementos de la Secretar\u00eda de Marina (SEMAR) en inmediaciones del fraccionamiento Misi\u00f3n del Real en Ciudad Obreg\u00f3n, Sonora, detuvieron a Edgar \u201cU\u201d, a bordo de un veh\u00edculo sin placas de circulaci\u00f3n.<\/p>\n\n\n\n<p>A esta persona le aseguraron cuatro armas de fuego tipo fusil de uso exclusivo de las fuerzas armadas, cinco cargadores para arma de fuego de uso exclusivo, 145 cartuchos para arma de fuego de uso exclusivo, 98 envoltorios que conten\u00edan en conjunto 686 gramos de marihuana y 249 envoltorios con 74 gramos 700 miligramos de metanfetamina.<\/p>\n\n\n\n<p>Por este hecho, el MPF aport\u00f3 los elementos de prueba necesarios, y obtuvo del Juez de Control sentencia condenatoria de once a\u00f1os tres meses 29 d\u00edas de prisi\u00f3n y 272 UMAS.<\/p>\n","protected":false},"excerpt":{"rendered":"<p>Hermosillo, Sonora a 06 de Agosto del 2024.- La Fiscal\u00eda General de la Rep\u00fablica (FGR), a trav\u00e9s de su Fiscal\u00eda Federal en el Estado de Sonora, obtuvo del Juez de Distrito Especializado en el Sistema Penal Acusatorio, del Centro de Justicia Penal Federal en la entidad, en procedimiento abreviado, sentencia condenatoria en contra de una [&hellip;]<\/p>\n","protected":false},"author":1,"featured_media":7248,"comment_status":"open","ping_status":"open","sticky":false,"template":"","format":"standard","meta":{"footnotes":""},"categories":[34,32,39],"tags":[],"class_list":["post-7247","post","type-post","status-publish","format-standard","has-post-thumbnail","hentry","category-general","category-policiaca","category-politica"],"_links":{"self":[{"href":"https:\/\/elreporterodelacomunidad.com\/index.php\/wp-json\/wp\/v2\/posts\/7247","targetHints":{"allow":["GET"]}}],"collection":[{"href":"https:\/\/elreporterodelacomunidad.com\/index.php\/wp-json\/wp\/v2\/posts"}],"about":[{"href":"https:\/\/elreporterodelacomunidad.com\/index.php\/wp-json\/wp\/v2\/types\/post"}],"author":[{"embeddable":true,"href":"https:\/\/elreporterodelacomunidad.com\/index.php\/wp-json\/wp\/v2\/users\/1"}],"replies":[{"embeddable":true,"href":"https:\/\/elreporterodelacomunidad.com\/index.php\/wp-json\/wp\/v2\/comments?post=7247"}],"version-history":[{"count":1,"href":"https:\/\/elreporterodelacomunidad.com\/index.php\/wp-json\/wp\/v2\/posts\/7247\/revisions"}],"predecessor-version":[{"id":7249,"href":"https:\/\/elreporterodelacomunidad.com\/index.php\/wp-json\/wp\/v2\/posts\/7247\/revisions\/7249"}],"wp:featuredmedia":[{"embeddable":true,"href":"https:\/\/elreporterodelacomunidad.com\/index.php\/wp-json\/wp\/v2\/media\/7248"}],"wp:attachment":[{"href":"https:\/\/elreporterodelacomunidad.com\/index.php\/wp-json\/wp\/v2\/media?parent=7247"}],"wp:term":[{"taxonomy":"category","embeddable":true,"href":"https:\/\/elreporterodelacomunidad.com\/index.php\/wp-json\/wp\/v2\/categories?post=7247"},{"taxonomy":"post_tag","embeddable":true,"href":"https:\/\/elreporterodelacomunidad.com\/index.php\/wp-json\/wp\/v2\/tags?post=7247"}],"curies":[{"name":"wp","href":"https:\/\/api.w.org\/{rel}","templated":true}]}}