{"id":7217,"date":"2024-08-05T15:59:45","date_gmt":"2024-08-05T22:59:45","guid":{"rendered":"https:\/\/elreporterodelacomunidad.com\/?p=7217"},"modified":"2024-08-05T15:59:46","modified_gmt":"2024-08-05T22:59:46","slug":"imputado-y-en-prision-preventiva-erick-salvador-n-por-probable-homicidio","status":"publish","type":"post","link":"https:\/\/elreporterodelacomunidad.com\/index.php\/2024\/08\/05\/imputado-y-en-prision-preventiva-erick-salvador-n-por-probable-homicidio\/","title":{"rendered":"Imputado y en prisi\u00f3n preventiva \u00c9rick Salvador \u201cN\u201d por probable homicidio."},"content":{"rendered":"\n<p><\/p>\n\n\n\n<p><strong>San Luis R\u00edo Colorado, Sonora, 5 de agosto de 2024-<\/strong>&nbsp;La Fiscal\u00eda General de Justicia del Estado de Sonora (FGJES) formul\u00f3 imputaci\u00f3n en contra de \u00c9rick Salvador \u201cN\u201d, de 23 a\u00f1os de edad, por su probable responsabilidad en el delito de homicidio calificado con alevos\u00eda y ventaja, en agravio de Mart\u00edn Alberto \u201cN\u201d, de 37 a\u00f1os de edad.<\/p>\n\n\n\n<p>La carpeta de investigaci\u00f3n integrada por el Ministerio P\u00fablico establece que el d\u00eda 5 de mayo del 2024, aproximadamente a las 02:20 horas, en las calles Tuxpan y Seis, de la colonia Aviaci\u00f3n, el imputado, portando machete, agredi\u00f3 sorpresivamente a la v\u00edctima, caus\u00e1ndole la muerte por traumatismo craneoencef\u00e1lico severo y m\u00faltiples heridas por arma blanca.<\/p>\n\n\n\n<p>Tras esto, iniciaron las investigaciones por parte de esta representaci\u00f3n social, se estableci\u00f3 la identidad del probable responsable y se solicit\u00f3 la respectiva orden de aprehensi\u00f3n, misma que fue ejecutada por elementos de la Agencia Ministerial de Investigaci\u00f3n Criminal (AMIC).<\/p>\n\n\n\n<p>Una vez capturado, se dio inicio a las audiencias que la ley demanda, siendo en la primera que se formul\u00f3 imputaci\u00f3n por parte de la FGJES, mientras que el Juez de Control determin\u00f3 imponer prisi\u00f3n preventiva justificada como medida cautelar al se\u00f1alado, a la espera de que se resuelva su situaci\u00f3n jur\u00eddica.<\/p>\n","protected":false},"excerpt":{"rendered":"<p>San Luis R\u00edo Colorado, Sonora, 5 de agosto de 2024-&nbsp;La Fiscal\u00eda General de Justicia del Estado de Sonora (FGJES) formul\u00f3 imputaci\u00f3n en contra de \u00c9rick Salvador \u201cN\u201d, de 23 a\u00f1os de edad, por su probable responsabilidad en el delito de homicidio calificado con alevos\u00eda y ventaja, en agravio de Mart\u00edn Alberto \u201cN\u201d, de 37 a\u00f1os [&hellip;]<\/p>\n","protected":false},"author":1,"featured_media":7218,"comment_status":"open","ping_status":"open","sticky":false,"template":"","format":"standard","meta":{"footnotes":""},"categories":[34,32,39],"tags":[],"class_list":["post-7217","post","type-post","status-publish","format-standard","has-post-thumbnail","hentry","category-general","category-policiaca","category-politica"],"_links":{"self":[{"href":"https:\/\/elreporterodelacomunidad.com\/index.php\/wp-json\/wp\/v2\/posts\/7217","targetHints":{"allow":["GET"]}}],"collection":[{"href":"https:\/\/elreporterodelacomunidad.com\/index.php\/wp-json\/wp\/v2\/posts"}],"about":[{"href":"https:\/\/elreporterodelacomunidad.com\/index.php\/wp-json\/wp\/v2\/types\/post"}],"author":[{"embeddable":true,"href":"https:\/\/elreporterodelacomunidad.com\/index.php\/wp-json\/wp\/v2\/users\/1"}],"replies":[{"embeddable":true,"href":"https:\/\/elreporterodelacomunidad.com\/index.php\/wp-json\/wp\/v2\/comments?post=7217"}],"version-history":[{"count":1,"href":"https:\/\/elreporterodelacomunidad.com\/index.php\/wp-json\/wp\/v2\/posts\/7217\/revisions"}],"predecessor-version":[{"id":7219,"href":"https:\/\/elreporterodelacomunidad.com\/index.php\/wp-json\/wp\/v2\/posts\/7217\/revisions\/7219"}],"wp:featuredmedia":[{"embeddable":true,"href":"https:\/\/elreporterodelacomunidad.com\/index.php\/wp-json\/wp\/v2\/media\/7218"}],"wp:attachment":[{"href":"https:\/\/elreporterodelacomunidad.com\/index.php\/wp-json\/wp\/v2\/media?parent=7217"}],"wp:term":[{"taxonomy":"category","embeddable":true,"href":"https:\/\/elreporterodelacomunidad.com\/index.php\/wp-json\/wp\/v2\/categories?post=7217"},{"taxonomy":"post_tag","embeddable":true,"href":"https:\/\/elreporterodelacomunidad.com\/index.php\/wp-json\/wp\/v2\/tags?post=7217"}],"curies":[{"name":"wp","href":"https:\/\/api.w.org\/{rel}","templated":true}]}}