{"id":7214,"date":"2024-08-05T15:47:26","date_gmt":"2024-08-05T22:47:26","guid":{"rendered":"https:\/\/elreporterodelacomunidad.com\/?p=7214"},"modified":"2024-08-05T15:47:28","modified_gmt":"2024-08-05T22:47:28","slug":"vinculado-a-proceso-implicado-en-robo-a-pasteleria-en-hermosillo","status":"publish","type":"post","link":"https:\/\/elreporterodelacomunidad.com\/index.php\/2024\/08\/05\/vinculado-a-proceso-implicado-en-robo-a-pasteleria-en-hermosillo\/","title":{"rendered":"Vinculado a proceso implicado en robo a pasteler\u00eda en Hermosillo."},"content":{"rendered":"\n<p><strong>Hermosillo, Sonora, 5 de agosto de 2024.-<\/strong>&nbsp;Con datos de prueba aportados por la Fiscal\u00eda General de Justicia del Estado de Sonora (FGJES), un Juez vincul\u00f3 a proceso a Lucas Manuel \u201cN\u201d y le decret\u00f3 prisi\u00f3n preventiva justificada como medida cautelar por el delito de robo con violencia en agravio de una pasteler\u00eda, suscitado en Hermosillo, Sonora.<\/p>\n\n\n\n<p>El agente del Ministerio P\u00fablico le imput\u00f3 el delito al sujeto, con base en las investigaciones realizadas para integrar la respectiva carpeta, por los hechos registrados el pasado 1 de agosto en el negocio ubicado en la calle Posada Ocampo y bulevar Antonio Quiroga, en la colonia Chaparral.<\/p>\n\n\n\n<p>Alrededor de las 15:24 horas del citado d\u00eda, el sujeto ingres\u00f3 a la pasteler\u00eda donde ejerci\u00f3 violencia moral en contra de la empleada del lugar, F\u00e1tima Francesca \u201cN\u201d, ya que para vencer su voluntad y resistencia la amenaz\u00f3 con un cuchillo de aproximadamente 34 cent\u00edmetros de longitud y la despoj\u00f3 de mil pesos.<\/p>\n\n\n\n<p>Una vez cometido el robo, la perjudicada solicit\u00f3 auxilio al n\u00famero de emergencias 911, respondiendo oficiales de Seguridad P\u00fablica Municipal de Hermosillo quienes lograron capturar al sujeto y ponerlo a disposici\u00f3n del agente del Ministerio P\u00fablico para ser ingresado al Centro de Reinserci\u00f3n Social (CERESO).<\/p>\n","protected":false},"excerpt":{"rendered":"<p>Hermosillo, Sonora, 5 de agosto de 2024.-&nbsp;Con datos de prueba aportados por la Fiscal\u00eda General de Justicia del Estado de Sonora (FGJES), un Juez vincul\u00f3 a proceso a Lucas Manuel \u201cN\u201d y le decret\u00f3 prisi\u00f3n preventiva justificada como medida cautelar por el delito de robo con violencia en agravio de una pasteler\u00eda, suscitado en Hermosillo, [&hellip;]<\/p>\n","protected":false},"author":1,"featured_media":7215,"comment_status":"open","ping_status":"open","sticky":false,"template":"","format":"standard","meta":{"footnotes":""},"categories":[34,32,39],"tags":[],"class_list":["post-7214","post","type-post","status-publish","format-standard","has-post-thumbnail","hentry","category-general","category-policiaca","category-politica"],"_links":{"self":[{"href":"https:\/\/elreporterodelacomunidad.com\/index.php\/wp-json\/wp\/v2\/posts\/7214","targetHints":{"allow":["GET"]}}],"collection":[{"href":"https:\/\/elreporterodelacomunidad.com\/index.php\/wp-json\/wp\/v2\/posts"}],"about":[{"href":"https:\/\/elreporterodelacomunidad.com\/index.php\/wp-json\/wp\/v2\/types\/post"}],"author":[{"embeddable":true,"href":"https:\/\/elreporterodelacomunidad.com\/index.php\/wp-json\/wp\/v2\/users\/1"}],"replies":[{"embeddable":true,"href":"https:\/\/elreporterodelacomunidad.com\/index.php\/wp-json\/wp\/v2\/comments?post=7214"}],"version-history":[{"count":1,"href":"https:\/\/elreporterodelacomunidad.com\/index.php\/wp-json\/wp\/v2\/posts\/7214\/revisions"}],"predecessor-version":[{"id":7216,"href":"https:\/\/elreporterodelacomunidad.com\/index.php\/wp-json\/wp\/v2\/posts\/7214\/revisions\/7216"}],"wp:featuredmedia":[{"embeddable":true,"href":"https:\/\/elreporterodelacomunidad.com\/index.php\/wp-json\/wp\/v2\/media\/7215"}],"wp:attachment":[{"href":"https:\/\/elreporterodelacomunidad.com\/index.php\/wp-json\/wp\/v2\/media?parent=7214"}],"wp:term":[{"taxonomy":"category","embeddable":true,"href":"https:\/\/elreporterodelacomunidad.com\/index.php\/wp-json\/wp\/v2\/categories?post=7214"},{"taxonomy":"post_tag","embeddable":true,"href":"https:\/\/elreporterodelacomunidad.com\/index.php\/wp-json\/wp\/v2\/tags?post=7214"}],"curies":[{"name":"wp","href":"https:\/\/api.w.org\/{rel}","templated":true}]}}