{"id":7101,"date":"2024-08-01T17:43:19","date_gmt":"2024-08-02T00:43:19","guid":{"rendered":"https:\/\/elreporterodelacomunidad.com\/?p=7101"},"modified":"2024-08-01T17:43:21","modified_gmt":"2024-08-02T00:43:21","slug":"muere-adulto-mayor-atropellado-en-banus-conductor-se-dio-a-la-fuga","status":"publish","type":"post","link":"https:\/\/elreporterodelacomunidad.com\/index.php\/2024\/08\/01\/muere-adulto-mayor-atropellado-en-banus-conductor-se-dio-a-la-fuga\/","title":{"rendered":"Muere adulto mayor atropellado en Ban\u00fas; conductor se dio a la fuga."},"content":{"rendered":"\n<p>Un hombre de avanzada edad fue atropellado el pasado mi\u00e9rcoles por la noche al norte de Hermosillo; autoridades buscan al conductor.<\/p>\n\n\n\n<p>Hermosillo, Sonora a 01 de Agosto del 2024.- Un hombre de edad avanzada perdi\u00f3 la vida al ser atropellado por un veh\u00edculo, el cual se dio a la fuga, durante la noche del pasado mi\u00e9rcoles, en la intersecci\u00f3n entre bulevar Progreso y Morelos, al norte de Hermosillo.<\/p>\n\n\n\n<p>El incidente se present\u00f3 alrededor de las 20:30 horas del pasado mi\u00e9rcoles 31 de julio, sobre el bulevar Progreso, casi esquina con el bulevar Morelos, a la altura del fraccionamiento Ban\u00fas.<\/p>\n\n\n\n<p>Al llegar al sitio se trasladaron elementos de la Polic\u00eda Municipal, encontrando al hombre sobre la v\u00eda p\u00fablica, por lo cual solicit\u00f3 la presencia de personal de Cruz Roja de Hermosillo, sin embargo, cuando param\u00e9dicos arribaron al lugar, determinaron que ya no contaba con signos vitales.<\/p>\n\n\n\n<p>En ese sentido, el fatal accidente se cobr\u00f3 la vida de un hombre de aproximadamente 50 a\u00f1os de edad, quien hasta el momento no ha sido identificado, sin embargo, al momento del siniestro vest\u00eda con playera de color rojo, pantal\u00f3n de mezclilla azul y tenis de color negro con blanco.<\/p>\n\n\n\n<p>Mientras tanto, no se tuvo cocimiento del veh\u00edculo que atropell\u00f3 al hombre, pues en lugar de detener su marcha, sigui\u00f3 su camino y se dio a la fuga, sin importarle la situaci\u00f3n del afectado.<\/p>\n\n\n\n<p>Motociclista es embestido por un veh\u00edculo<\/p>\n\n\n\n<p>En hechos separados, la ma\u00f1ana de este jueves 1 de agosto, un motociclista qued\u00f3 con lesiones tras ser embestido por un veh\u00edculo, al poniente de Hermosillo.<\/p>\n\n\n\n<p>Fue en las calles Luis Orci y el bulevar Quiroga, donde se present\u00f3 el incidente, en el que participaron una motocicleta y una camioneta de color blanco.<\/p>\n\n\n\n<p>Al sitio llegaron elementos de la Polic\u00eda Municipal as\u00ed como param\u00e9dicos de la Cruz Roja, quienes atendieron al conductor de la moto, por lo que fue llevado a un hospital para su valoraci\u00f3n m\u00e9dica.<\/p>\n","protected":false},"excerpt":{"rendered":"<p>Un hombre de avanzada edad fue atropellado el pasado mi\u00e9rcoles por la noche al norte de Hermosillo; autoridades buscan al conductor. Hermosillo, Sonora a 01 de Agosto del 2024.- Un hombre de edad avanzada perdi\u00f3 la vida al ser atropellado por un veh\u00edculo, el cual se dio a la fuga, durante la noche del pasado [&hellip;]<\/p>\n","protected":false},"author":1,"featured_media":7102,"comment_status":"open","ping_status":"open","sticky":false,"template":"","format":"standard","meta":{"footnotes":""},"categories":[34,32,39],"tags":[],"class_list":["post-7101","post","type-post","status-publish","format-standard","has-post-thumbnail","hentry","category-general","category-policiaca","category-politica"],"_links":{"self":[{"href":"https:\/\/elreporterodelacomunidad.com\/index.php\/wp-json\/wp\/v2\/posts\/7101","targetHints":{"allow":["GET"]}}],"collection":[{"href":"https:\/\/elreporterodelacomunidad.com\/index.php\/wp-json\/wp\/v2\/posts"}],"about":[{"href":"https:\/\/elreporterodelacomunidad.com\/index.php\/wp-json\/wp\/v2\/types\/post"}],"author":[{"embeddable":true,"href":"https:\/\/elreporterodelacomunidad.com\/index.php\/wp-json\/wp\/v2\/users\/1"}],"replies":[{"embeddable":true,"href":"https:\/\/elreporterodelacomunidad.com\/index.php\/wp-json\/wp\/v2\/comments?post=7101"}],"version-history":[{"count":1,"href":"https:\/\/elreporterodelacomunidad.com\/index.php\/wp-json\/wp\/v2\/posts\/7101\/revisions"}],"predecessor-version":[{"id":7103,"href":"https:\/\/elreporterodelacomunidad.com\/index.php\/wp-json\/wp\/v2\/posts\/7101\/revisions\/7103"}],"wp:featuredmedia":[{"embeddable":true,"href":"https:\/\/elreporterodelacomunidad.com\/index.php\/wp-json\/wp\/v2\/media\/7102"}],"wp:attachment":[{"href":"https:\/\/elreporterodelacomunidad.com\/index.php\/wp-json\/wp\/v2\/media?parent=7101"}],"wp:term":[{"taxonomy":"category","embeddable":true,"href":"https:\/\/elreporterodelacomunidad.com\/index.php\/wp-json\/wp\/v2\/categories?post=7101"},{"taxonomy":"post_tag","embeddable":true,"href":"https:\/\/elreporterodelacomunidad.com\/index.php\/wp-json\/wp\/v2\/tags?post=7101"}],"curies":[{"name":"wp","href":"https:\/\/api.w.org\/{rel}","templated":true}]}}