{"id":7086,"date":"2024-08-01T17:01:31","date_gmt":"2024-08-02T00:01:31","guid":{"rendered":"https:\/\/elreporterodelacomunidad.com\/?p=7086"},"modified":"2024-08-01T17:01:33","modified_gmt":"2024-08-02T00:01:33","slug":"vinculado-a-proceso-jesus-julian-n-por-delitos-de-homicidios","status":"publish","type":"post","link":"https:\/\/elreporterodelacomunidad.com\/index.php\/2024\/08\/01\/vinculado-a-proceso-jesus-julian-n-por-delitos-de-homicidios\/","title":{"rendered":"Vinculado a proceso Jes\u00fas Juli\u00e1n &#8220;N&#8221; por delitos de homicidios."},"content":{"rendered":"\n<p>Se le vincula con la reciente escalada delictiva en la capital del Estado.<\/p>\n\n\n\n<p>Hermosillo, Sonora, 1 de agosto de 2024.- La Fiscal\u00eda General de Justicia del Estado de Sonora (FGJES) logr\u00f3 que un Juez vinculara a proceso a Jes\u00fas Juli\u00e1n &#8220;N&#8221;, de 31 a\u00f1os, por su probable responsabilidad en el delito de homicidio calificado y homicidio calificado en grado de tentativa cometidos en perjuicio de Carlos Arath &#8220;N&#8221;, Cesar &#8220;N&#8221; y un menor de 17 a\u00f1os.<\/p>\n\n\n\n<p>De acuerdo con la carpeta de investigaci\u00f3n, el imputado, en compa\u00f1\u00eda de diversas personas, arrib\u00f3 un domicilio ubicado en calle Clara C\u00f3rdova Mor\u00e1n, en Hermosillo, Sonora, donde se encontraban las v\u00edctimas.<\/p>\n\n\n\n<p>Uno de los sujetos que acompa\u00f1aban al imputado accion\u00f3 un arma de fuego en contra de las v\u00edctimas, hiri\u00e9ndolas en repetidas ocasiones, logrando privar de la vida a Carlos Arath &#8220;N&#8221;.<\/p>\n\n\n\n<p>La v\u00edctima C\u00e9sar &#8220;N&#8221; y el menor de 17 a\u00f1os lograron correr y protegerse, tras lo cual gracias a la oportuna atenci\u00f3n m\u00e9dica que recibieron, no fallecieron.<\/p>\n\n\n\n<p>Tras la captura del se\u00f1alado, un Juez de Control dict\u00f3 auto de vinculaci\u00f3n a proceso y prisi\u00f3n preventiva justificada como medida cautelar en contra del imputado.<\/p>\n\n\n\n<p>Acciones como est\u00e1s reiteran el compromiso de la Fiscal\u00eda General de Justicia del Estado de Sonora (FGJES) en el combate frontal a los generadores de violencia en la entidad.<\/p>\n","protected":false},"excerpt":{"rendered":"<p>Se le vincula con la reciente escalada delictiva en la capital del Estado. Hermosillo, Sonora, 1 de agosto de 2024.- La Fiscal\u00eda General de Justicia del Estado de Sonora (FGJES) logr\u00f3 que un Juez vinculara a proceso a Jes\u00fas Juli\u00e1n &#8220;N&#8221;, de 31 a\u00f1os, por su probable responsabilidad en el delito de homicidio calificado y [&hellip;]<\/p>\n","protected":false},"author":1,"featured_media":7087,"comment_status":"open","ping_status":"open","sticky":false,"template":"","format":"standard","meta":{"footnotes":""},"categories":[34,32,39],"tags":[],"class_list":["post-7086","post","type-post","status-publish","format-standard","has-post-thumbnail","hentry","category-general","category-policiaca","category-politica"],"_links":{"self":[{"href":"https:\/\/elreporterodelacomunidad.com\/index.php\/wp-json\/wp\/v2\/posts\/7086","targetHints":{"allow":["GET"]}}],"collection":[{"href":"https:\/\/elreporterodelacomunidad.com\/index.php\/wp-json\/wp\/v2\/posts"}],"about":[{"href":"https:\/\/elreporterodelacomunidad.com\/index.php\/wp-json\/wp\/v2\/types\/post"}],"author":[{"embeddable":true,"href":"https:\/\/elreporterodelacomunidad.com\/index.php\/wp-json\/wp\/v2\/users\/1"}],"replies":[{"embeddable":true,"href":"https:\/\/elreporterodelacomunidad.com\/index.php\/wp-json\/wp\/v2\/comments?post=7086"}],"version-history":[{"count":1,"href":"https:\/\/elreporterodelacomunidad.com\/index.php\/wp-json\/wp\/v2\/posts\/7086\/revisions"}],"predecessor-version":[{"id":7088,"href":"https:\/\/elreporterodelacomunidad.com\/index.php\/wp-json\/wp\/v2\/posts\/7086\/revisions\/7088"}],"wp:featuredmedia":[{"embeddable":true,"href":"https:\/\/elreporterodelacomunidad.com\/index.php\/wp-json\/wp\/v2\/media\/7087"}],"wp:attachment":[{"href":"https:\/\/elreporterodelacomunidad.com\/index.php\/wp-json\/wp\/v2\/media?parent=7086"}],"wp:term":[{"taxonomy":"category","embeddable":true,"href":"https:\/\/elreporterodelacomunidad.com\/index.php\/wp-json\/wp\/v2\/categories?post=7086"},{"taxonomy":"post_tag","embeddable":true,"href":"https:\/\/elreporterodelacomunidad.com\/index.php\/wp-json\/wp\/v2\/tags?post=7086"}],"curies":[{"name":"wp","href":"https:\/\/api.w.org\/{rel}","templated":true}]}}