{"id":7024,"date":"2024-07-31T17:58:27","date_gmt":"2024-08-01T00:58:27","guid":{"rendered":"https:\/\/elreporterodelacomunidad.com\/?p=7024"},"modified":"2024-07-31T17:58:34","modified_gmt":"2024-08-01T00:58:34","slug":"arrestan-en-guayacan-a-un-joven-con-fuerte-arsenal-portaba-tres-cuerno-de-chivo","status":"publish","type":"post","link":"https:\/\/elreporterodelacomunidad.com\/index.php\/2024\/07\/31\/arrestan-en-guayacan-a-un-joven-con-fuerte-arsenal-portaba-tres-cuerno-de-chivo\/","title":{"rendered":"Arrestan en Guayac\u00e1n a un joven con fuerte arsenal: portaba tres &#8216;cuerno de chivo&#8217;."},"content":{"rendered":"\n<p>Vecinos de la colonia irregular reportaron que alrededor de las 5:30 horas de este 31 de julio se registr\u00f3 una balacera en la invasi\u00f3n Guayac\u00e1n.<\/p>\n\n\n\n<p>Hermosillo, Sonora a 31 de Julio del 2024.- Tras un reporte sobre detonaciones de arma de fuego, en la Invasi\u00f3n Guayac\u00e1n, al norte de Hermosillo, se present\u00f3 una fuerte movilizaci\u00f3n del Ej\u00e9rcito y las Fuerzas Armadas, quienes aseguraron a una persona, veh\u00edculos y arsenal armament\u00edstico.<\/p>\n\n\n\n<p>Vecinos de la colonia irregular reportaron que alrededor de las 5:30 horas de este 31 de julio se registr\u00f3 una balacera, motivo por el cual arribaron elementos de la Guardia Nacional y Secretar\u00eda de la Defensa Nacional (Sedena).<\/p>\n\n\n\n<p>Para las 6:00 horas, personal de la Guardia Nacional report\u00f3 el aseguramiento de dos veh\u00edculos, as\u00ed como la detenci\u00f3n de una persona junto con un arsenal b\u00e9lico de consideraci\u00f3n.<\/p>\n\n\n\n<p>El detenido, identificado como Jos\u00e9 Iv\u00e1n \u201cN\u201d, de 27 a\u00f1os, iba a bordo de un veh\u00edculo de la marca GMC, l\u00ednea Terrain, de color blanco, en el cual tambi\u00e9n se localizaron un total de cuatro armas largas: tres AK &#8211; 47 (cuerno de chivo) y un AR &#8211; 15.<\/p>\n\n\n\n<p>Asimismo, dentro de ese mismo veh\u00edculo, se encontraron un total de 12 cargadores abastecidos con cartuchos \u00fatiles, los cuales fueron asegurados para presentarse ante la autoridad investigadora correspondiente.<\/p>\n\n\n\n<p>Adem\u00e1s, se report\u00f3 otra camioneta de la marca KIA, l\u00ednea Sorento, de color caf\u00e9, modelo reciente, la cual se encontraba en estado de abandono y presentando varios impactos de bala en cristales y carrocer\u00eda.<\/p>\n\n\n\n<p>El hecho despert\u00f3 la expectaci\u00f3n de los vecinos y residentes de la zona, debido al gran n\u00famero de efectivos de las Fuerzas Armadas que se desplegaron en el norte de la ciudad, aunque no se reportaron personas lesionadas o muertas por el operativo.<\/p>\n\n\n\n<p>Por otro lado, residentes de la Invasi\u00f3n Guayac\u00e1n mencionaron que otro sujeto implicado en las detonaciones de arma de fuego se dio a la fuga hacia el norte, huyendo de las autoridades mientras corr\u00eda a trav\u00e9s del monte.<\/p>\n","protected":false},"excerpt":{"rendered":"<p>Vecinos de la colonia irregular reportaron que alrededor de las 5:30 horas de este 31 de julio se registr\u00f3 una balacera en la invasi\u00f3n Guayac\u00e1n. Hermosillo, Sonora a 31 de Julio del 2024.- Tras un reporte sobre detonaciones de arma de fuego, en la Invasi\u00f3n Guayac\u00e1n, al norte de Hermosillo, se present\u00f3 una fuerte movilizaci\u00f3n [&hellip;]<\/p>\n","protected":false},"author":1,"featured_media":7025,"comment_status":"open","ping_status":"open","sticky":false,"template":"","format":"standard","meta":{"footnotes":""},"categories":[32,39,26],"tags":[],"class_list":["post-7024","post","type-post","status-publish","format-standard","has-post-thumbnail","hentry","category-policiaca","category-politica","category-principal"],"_links":{"self":[{"href":"https:\/\/elreporterodelacomunidad.com\/index.php\/wp-json\/wp\/v2\/posts\/7024","targetHints":{"allow":["GET"]}}],"collection":[{"href":"https:\/\/elreporterodelacomunidad.com\/index.php\/wp-json\/wp\/v2\/posts"}],"about":[{"href":"https:\/\/elreporterodelacomunidad.com\/index.php\/wp-json\/wp\/v2\/types\/post"}],"author":[{"embeddable":true,"href":"https:\/\/elreporterodelacomunidad.com\/index.php\/wp-json\/wp\/v2\/users\/1"}],"replies":[{"embeddable":true,"href":"https:\/\/elreporterodelacomunidad.com\/index.php\/wp-json\/wp\/v2\/comments?post=7024"}],"version-history":[{"count":1,"href":"https:\/\/elreporterodelacomunidad.com\/index.php\/wp-json\/wp\/v2\/posts\/7024\/revisions"}],"predecessor-version":[{"id":7026,"href":"https:\/\/elreporterodelacomunidad.com\/index.php\/wp-json\/wp\/v2\/posts\/7024\/revisions\/7026"}],"wp:featuredmedia":[{"embeddable":true,"href":"https:\/\/elreporterodelacomunidad.com\/index.php\/wp-json\/wp\/v2\/media\/7025"}],"wp:attachment":[{"href":"https:\/\/elreporterodelacomunidad.com\/index.php\/wp-json\/wp\/v2\/media?parent=7024"}],"wp:term":[{"taxonomy":"category","embeddable":true,"href":"https:\/\/elreporterodelacomunidad.com\/index.php\/wp-json\/wp\/v2\/categories?post=7024"},{"taxonomy":"post_tag","embeddable":true,"href":"https:\/\/elreporterodelacomunidad.com\/index.php\/wp-json\/wp\/v2\/tags?post=7024"}],"curies":[{"name":"wp","href":"https:\/\/api.w.org\/{rel}","templated":true}]}}