{"id":7021,"date":"2024-07-31T17:24:31","date_gmt":"2024-08-01T00:24:31","guid":{"rendered":"https:\/\/elreporterodelacomunidad.com\/?p=7021"},"modified":"2024-07-31T17:24:33","modified_gmt":"2024-08-01T00:24:33","slug":"aseguran-a-presunto-traficante-de-personas-en-nogales","status":"publish","type":"post","link":"https:\/\/elreporterodelacomunidad.com\/index.php\/2024\/07\/31\/aseguran-a-presunto-traficante-de-personas-en-nogales\/","title":{"rendered":"Aseguran a presunto traficante de personas en Nogales."},"content":{"rendered":"\n<p>El sujeto era requerido por la justicia estadounidense.<\/p>\n\n\n\n<p>Nogales, Sonora, 31 de julio de 2024.- La colaboraci\u00f3n internacional para mantener una frontera segura forma parte de las acciones que la Fiscal\u00eda General de Justicia del Estado de Sonora (FGJES), refuerza de manera constante, lo que se traduce en resultados como el aseguramiento de Francisco Antonio \u201cN\u201d, quien es requerido por la justicia en Estados Unidos de Am\u00e9rica.<\/p>\n\n\n\n<p>El sujeto, detenido en la colonia El Greco, en Nogales, Sonora, es requerido por la Corte del Distrito de Arizona, Estados Unidos de Am\u00e9rica, por, presuntamente, cometer tr\u00e1fico de personas entre ambas naciones.<\/p>\n\n\n\n<p>Bajo estos cargos, las autoridades estadounidenses solicitaron la colaboraci\u00f3n interinstitucional para el aseguramiento del sujeto, de 49 a\u00f1os de edad, por lo que se efectu\u00f3 una coordinaci\u00f3n entre la Agencia Ministerial de Investigaci\u00f3n Criminal (AMIC), autoridades municipales y el Instituto Nacional de Migraci\u00f3n (INM).<\/p>\n\n\n\n<p>Estas acciones coordinadas se reflejaron en el aseguramiento de Francisco Antonio \u201cN\u201d, quien fue puesto a disposici\u00f3n del INM, instancia que se encargar\u00e1 de deportar al se\u00f1alado para ser procesado en el pa\u00eds vecino.<\/p>\n","protected":false},"excerpt":{"rendered":"<p>El sujeto era requerido por la justicia estadounidense. Nogales, Sonora, 31 de julio de 2024.- La colaboraci\u00f3n internacional para mantener una frontera segura forma parte de las acciones que la Fiscal\u00eda General de Justicia del Estado de Sonora (FGJES), refuerza de manera constante, lo que se traduce en resultados como el aseguramiento de Francisco Antonio [&hellip;]<\/p>\n","protected":false},"author":1,"featured_media":7022,"comment_status":"open","ping_status":"open","sticky":false,"template":"","format":"standard","meta":{"footnotes":""},"categories":[34,32,39],"tags":[],"class_list":["post-7021","post","type-post","status-publish","format-standard","has-post-thumbnail","hentry","category-general","category-policiaca","category-politica"],"_links":{"self":[{"href":"https:\/\/elreporterodelacomunidad.com\/index.php\/wp-json\/wp\/v2\/posts\/7021","targetHints":{"allow":["GET"]}}],"collection":[{"href":"https:\/\/elreporterodelacomunidad.com\/index.php\/wp-json\/wp\/v2\/posts"}],"about":[{"href":"https:\/\/elreporterodelacomunidad.com\/index.php\/wp-json\/wp\/v2\/types\/post"}],"author":[{"embeddable":true,"href":"https:\/\/elreporterodelacomunidad.com\/index.php\/wp-json\/wp\/v2\/users\/1"}],"replies":[{"embeddable":true,"href":"https:\/\/elreporterodelacomunidad.com\/index.php\/wp-json\/wp\/v2\/comments?post=7021"}],"version-history":[{"count":1,"href":"https:\/\/elreporterodelacomunidad.com\/index.php\/wp-json\/wp\/v2\/posts\/7021\/revisions"}],"predecessor-version":[{"id":7023,"href":"https:\/\/elreporterodelacomunidad.com\/index.php\/wp-json\/wp\/v2\/posts\/7021\/revisions\/7023"}],"wp:featuredmedia":[{"embeddable":true,"href":"https:\/\/elreporterodelacomunidad.com\/index.php\/wp-json\/wp\/v2\/media\/7022"}],"wp:attachment":[{"href":"https:\/\/elreporterodelacomunidad.com\/index.php\/wp-json\/wp\/v2\/media?parent=7021"}],"wp:term":[{"taxonomy":"category","embeddable":true,"href":"https:\/\/elreporterodelacomunidad.com\/index.php\/wp-json\/wp\/v2\/categories?post=7021"},{"taxonomy":"post_tag","embeddable":true,"href":"https:\/\/elreporterodelacomunidad.com\/index.php\/wp-json\/wp\/v2\/tags?post=7021"}],"curies":[{"name":"wp","href":"https:\/\/api.w.org\/{rel}","templated":true}]}}