{"id":6977,"date":"2024-07-30T16:39:43","date_gmt":"2024-07-30T23:39:43","guid":{"rendered":"https:\/\/elreporterodelacomunidad.com\/?p=6977"},"modified":"2024-07-30T16:39:45","modified_gmt":"2024-07-30T23:39:45","slug":"fiscalia-busca-identificar-restos-humanos-encontrados-en-san-jose-de-guaymas","status":"publish","type":"post","link":"https:\/\/elreporterodelacomunidad.com\/index.php\/2024\/07\/30\/fiscalia-busca-identificar-restos-humanos-encontrados-en-san-jose-de-guaymas\/","title":{"rendered":"Fiscal\u00eda busca identificar restos humanos encontrados en San Jos\u00e9 de Guaymas."},"content":{"rendered":"\n<p>La Comisi\u00f3n de B\u00fasqueda de Personas Desaparecidas y el colectivo Madres Buscadoras con Fe, Esperanza y Amor realizaron el hallazgo de restos humanos.<\/p>\n\n\n\n<p>Hermosillo, Sonora a 30 de Julio del 2024.- Luego de reportarse el hallazgo de entre 25 y 30 restos humanos en una fosa s\u00e9ptica en San Jos\u00e9 de Guaymas, la Fiscal\u00eda General de Justicia del Estado (FGJE) de Sonora realiza las investigaciones pertinentes para identificar los cad\u00e1veres.<\/p>\n\n\n\n<p>A trav\u00e9s de la Vicefiscal\u00eda de Derechos Humanos y B\u00fasqueda de Personas Desaparecidas y Servicios Periciales, el \u00f3rgano procurador de justicia realiz\u00f3 labores de procesamiento de un sitio de b\u00fasqueda en d\u00edas pasados, llevadas a cabo en compa\u00f1\u00eda de un colectivo de Guaymas, localizando varios restos humanos.<\/p>\n\n\n\n<p>El hallazgo de los restos humanos ocurri\u00f3 en La Cuadrita correspondiente al Ejido San Jos\u00e9 de Guaymas, municipio de Guaymas, entre el 20 y 22 de julio, por parte de la Comisi\u00f3n de B\u00fasqueda de Personas Desaparecidas y el colectivo Madres Buscadoras con Fe, Esperanza y Amor.<\/p>\n\n\n\n<p>Al respecto, el mismo colectivo afirm\u00f3 que la localizaci\u00f3n fue en una fosa s\u00e9ptica de una casa en estado de abandono, la cual se encuentra en un terreno lejos de la carretera y que no cuenta con vecinos en el \u00e1rea circundante.<\/p>\n\n\n\n<p>La fosa estaba cubierta de tierra, sin embargo, debajo de los restos \u00f3seos encontrados al interior tambi\u00e9n se localizaron heces fecales, mientras que las autoridades tomaron las muestras gen\u00e9ticas necesarias.<\/p>\n\n\n\n<p>Mientras tanto, en el trabajo de identificaci\u00f3n han participado especialistas en identificaci\u00f3n humana, medicina legal y criminal\u00edstica de campo con capacitaci\u00f3n en antropolog\u00eda forense del \u00e1rea de Servicios Periciales, adem\u00e1s se ha contado con el apoyo de elementos de Guardia Nacional, Secretar\u00eda de Defensa Nacional (Sedena) y de la Agencia Ministerial de Investigaci\u00f3n Criminal (AMIC).<\/p>\n\n\n\n<p>Por tal motivo, se elabor\u00f3 el \u00e1lbum de im\u00e1genes de prendas de vestir halladas y posibles pertenencias, el cual est\u00e1 disponible para su consulta en las instalaciones de la Fiscal\u00eda de Justicia del Estado en Guaymas, ubicada en Calle 15 y avenida Aquiles Serd\u00e1n, colonia Centro.<\/p>\n\n\n\n<p>Es por lo anterior que se hace un llamado a la ciudadan\u00eda para que en caso de contar con un familiar desaparecido, acuda a revisar el material disponible e incluso, acuda a tomarse muestras de ADN para una eventual identificaci\u00f3n de restos \u00f3seos y \u00e9stos puedan ser entregados a sus familiares.<\/p>\n","protected":false},"excerpt":{"rendered":"<p>La Comisi\u00f3n de B\u00fasqueda de Personas Desaparecidas y el colectivo Madres Buscadoras con Fe, Esperanza y Amor realizaron el hallazgo de restos humanos. Hermosillo, Sonora a 30 de Julio del 2024.- Luego de reportarse el hallazgo de entre 25 y 30 restos humanos en una fosa s\u00e9ptica en San Jos\u00e9 de Guaymas, la Fiscal\u00eda General [&hellip;]<\/p>\n","protected":false},"author":1,"featured_media":6978,"comment_status":"open","ping_status":"open","sticky":false,"template":"","format":"standard","meta":{"footnotes":""},"categories":[34,32,39],"tags":[],"class_list":["post-6977","post","type-post","status-publish","format-standard","has-post-thumbnail","hentry","category-general","category-policiaca","category-politica"],"_links":{"self":[{"href":"https:\/\/elreporterodelacomunidad.com\/index.php\/wp-json\/wp\/v2\/posts\/6977","targetHints":{"allow":["GET"]}}],"collection":[{"href":"https:\/\/elreporterodelacomunidad.com\/index.php\/wp-json\/wp\/v2\/posts"}],"about":[{"href":"https:\/\/elreporterodelacomunidad.com\/index.php\/wp-json\/wp\/v2\/types\/post"}],"author":[{"embeddable":true,"href":"https:\/\/elreporterodelacomunidad.com\/index.php\/wp-json\/wp\/v2\/users\/1"}],"replies":[{"embeddable":true,"href":"https:\/\/elreporterodelacomunidad.com\/index.php\/wp-json\/wp\/v2\/comments?post=6977"}],"version-history":[{"count":1,"href":"https:\/\/elreporterodelacomunidad.com\/index.php\/wp-json\/wp\/v2\/posts\/6977\/revisions"}],"predecessor-version":[{"id":6979,"href":"https:\/\/elreporterodelacomunidad.com\/index.php\/wp-json\/wp\/v2\/posts\/6977\/revisions\/6979"}],"wp:featuredmedia":[{"embeddable":true,"href":"https:\/\/elreporterodelacomunidad.com\/index.php\/wp-json\/wp\/v2\/media\/6978"}],"wp:attachment":[{"href":"https:\/\/elreporterodelacomunidad.com\/index.php\/wp-json\/wp\/v2\/media?parent=6977"}],"wp:term":[{"taxonomy":"category","embeddable":true,"href":"https:\/\/elreporterodelacomunidad.com\/index.php\/wp-json\/wp\/v2\/categories?post=6977"},{"taxonomy":"post_tag","embeddable":true,"href":"https:\/\/elreporterodelacomunidad.com\/index.php\/wp-json\/wp\/v2\/tags?post=6977"}],"curies":[{"name":"wp","href":"https:\/\/api.w.org\/{rel}","templated":true}]}}