{"id":6900,"date":"2024-07-26T18:05:22","date_gmt":"2024-07-27T01:05:22","guid":{"rendered":"https:\/\/elreporterodelacomunidad.com\/?p=6900"},"modified":"2024-07-26T18:05:24","modified_gmt":"2024-07-27T01:05:24","slug":"sabotean-red-ferroviaria-de-francia-previo-a-ceremonia-de-los-juegos-de-paris","status":"publish","type":"post","link":"https:\/\/elreporterodelacomunidad.com\/index.php\/2024\/07\/26\/sabotean-red-ferroviaria-de-francia-previo-a-ceremonia-de-los-juegos-de-paris\/","title":{"rendered":"Sabotean red ferroviaria de Francia previo a ceremonia de los Juegos de Par\u00eds."},"content":{"rendered":"\n<p>La compa\u00f1\u00eda nacional de ferrocarriles francesa SNCF dijo que hubo afectaciones en las l\u00edneas de alta velocidad Atl\u00e1ntica, Norte y Este.<\/p>\n\n\n\n<p>Paris, Francia a 26 de Julio del 2024.- La compa\u00f1\u00eda nacional de ferrocarriles francesa SNCF fue v\u00edctima este viernes de un &#8220;ataque masivo&#8221;, que incluy\u00f3 incendios provocados, para &#8220;paralizar&#8221; su red de trenes de alta velocidad, que afect\u00f3 a 800 mil viajeros, a unas horas de la inauguraci\u00f3n de los Juegos de Par\u00eds.<\/p>\n\n\n\n<p>La SNCF &#8220;fue v\u00edctima esta noche de varios actos malintencionados, simult\u00e1neos, que afectaron a las l\u00edneas de alta velocidad Atl\u00e1ntica, Norte y Este&#8221;, indic\u00f3 el grupo ferroviario en un comunicado, en el que precis\u00f3 que &#8220;se provocaron&#8221; incendios para da\u00f1ar sus instalaciones.<\/p>\n\n\n\n<p>La circulaci\u00f3n de los trenes de alta velocidad (TGV) en esos tres ejes est\u00e1 perturbada y la compa\u00f1\u00eda advirti\u00f3 que la situaci\u00f3n podr\u00eda prolongarse &#8220;al menos todo el fin de semana&#8221;.<\/p>\n\n\n\n<p>El ministro delegado de Transportes, Patrice Vergriete, que denunci\u00f3 un &#8220;acto criminal escandaloso&#8221;, indic\u00f3 a primera hora de la tarde que el tr\u00e1fico se hab\u00eda reanudado progresivamente en la l\u00ednea de TGV Atl\u00e1ntica (que conecta la capital con el oeste y suroeste del pa\u00eds). Seg\u00fan \u00e9l, entre Par\u00eds y Burdeos, en el suroeste, circular\u00e1 un tren de cada tres.<\/p>\n\n\n\n<p>En cambio, la l\u00ednea de alta velocidad del sureste no se vio afectada. Sobre ese trazado, &#8220;se desbarat\u00f3 un acto malicioso&#8221;, indic\u00f3 el presidente ejecutivo de SNCF, Jean-Pierre Farandou. Unos obreros &#8220;ferroviarios que estaban llevando a cabo labores de mantenimiento por la noche vieron a unas personas y avisaron a la gendarmer\u00eda, lo cual les hizo huir&#8221;, explic\u00f3.<\/p>\n\n\n\n<p>Un posible &#8220;sabotaje coordinado&#8221;<\/p>\n\n\n\n<p>El ataque, que se produjo horas antes de la ceremonia de apertura de los Juegos de Par\u00eds, afect\u00f3 a 800 mil viajeros, se\u00f1al\u00f3 Farandou. Sin embargo, el sabotaje no &#8220;tendr\u00e1 ning\u00fan impacto en la ceremonia&#8221; de apertura, apunt\u00f3 la alcaldesa de Par\u00eds, Anne Hidalgo.<\/p>\n\n\n\n<p>En la estaci\u00f3n de Montparnasse, en Par\u00eds, que conecta la capital con el oeste y el suroeste de Francia, los viajeros estaban pendientes de las pantallas de informaci\u00f3n.<\/p>\n\n\n\n<p>&#8220;Reserv\u00e9 mis billetes para Biarritz hace varias semanas, son mis \u00fanicas vacaciones del a\u00f1o&#8221;, dijo, preocupada, Katherine Abby, una dise\u00f1adora gr\u00e1fica de 30 a\u00f1os. &#8220;He estado esperando este momento un a\u00f1o, me desanimar\u00eda mucho tener que cancelar el viaje, sobre todo viendo c\u00f3mo est\u00e1 Par\u00eds con los Juegos&#8221;.<\/p>\n\n\n\n<p>La Jurisdicci\u00f3n Nacional de Lucha contra la Criminalidad Organizada (Junalco) abri\u00f3 una investigaci\u00f3n por, entre otros cargos, degradaci\u00f3n de bienes para &#8220;atentar contra los intereses fundamentales de la Naci\u00f3n&#8221;, anunci\u00f3 la Fiscal\u00eda de Par\u00eds.<\/p>\n\n\n\n<p>Seg\u00fan dijo a la agencia AFP una fuente pr\u00f3xima al caso, se trata de un &#8220;sabotaje&#8221; coordinado, una serie de actos cometidos de forma &#8220;concertada&#8221;.<\/p>\n\n\n\n<p>&#8220;Nuestros servicios de inteligencia y nuestras fuerzas de seguridad fueron movilizados para encontrar y castigar a los autores de estos actos criminales&#8221;, afirm\u00f3 el primer ministro franc\u00e9s, Gabriel Attal.<\/p>\n\n\n\n<p>El primer ministro indic\u00f3 que la SNCF presentar\u00eda un nuevo plan de circulaci\u00f3n el viernes por la tarde y pidi\u00f3 prudencia a la poblaci\u00f3n respecto a los autores del ataque, pues la investigaci\u00f3n reci\u00e9n &#8220;empieza&#8221;.<\/p>\n\n\n\n<p>Una fuente de seguridad dijo a la AFP que el modus operandi del ataque se parece a los que suelen poner en pr\u00e1ctica grupos de extrema izquierda. Pero, seg\u00fan una fuente pr\u00f3xima al caso, de momento no hay pruebas que respalden la hip\u00f3tesis de que ese movimiento estuviera implicado.<\/p>\n\n\n\n<p>El sabotaje tambi\u00e9n afect\u00f3 a los trenes Eurostar, que conectan Par\u00eds con Bruselas, \u00c1msterdam y Londres. Un 25% de los trenes de esa red fueron cancelados el viernes, el s\u00e1bado y el domingo, anunci\u00f3 la compa\u00f1\u00eda.<\/p>\n\n\n\n<p>\u00c9xodo a las estaciones de autob\u00fas<\/p>\n\n\n\n<p>En Burdeos, Baptiste Leduc, un periodista deportivo de 26 a\u00f1os, coment\u00f3 que su jornada laboral &#8220;se desmoron\u00f3&#8221; y que tuvo que avisar a sus jefes de que no podr\u00edan contar con \u00e9l para cubrir la ceremonia de apertura de los Juegos Ol\u00edmpicos. Su tren, que ten\u00eda un retraso previsto de m\u00e1s de tres horas, &#8220;tiene todas las papeletas&#8221; para no circular hoy, indic\u00f3.<\/p>\n\n\n\n<p>&#8220;Ha empezado un \u00e9xodo hacia la estaci\u00f3n de autobuses, mucha gente ha debido tener la misma idea&#8221;, cont\u00f3. &#8220;Ha sido un poco ca\u00f3tico pero, al final, los que pod\u00edan se adaptaron&#8221;.<\/p>\n\n\n\n<p>La SNCF aconsej\u00f3 aplazar los viajes e indic\u00f3 que los billetes de los pasajeros afectados se podr\u00e1n cambiar o devolver contra reembolso.<\/p>\n\n\n\n<p>&#8220;Son los Juegos de los deportistas, con los que llevan a\u00f1os so\u00f1ando y que luchan por el hito de subir a esos podios, \u00a1y van a sabotearles eso a ellos!&#8221;, reaccion\u00f3 la ministra de Deportes, Am\u00e9lie Oud\u00e9a-Castera.<\/p>\n","protected":false},"excerpt":{"rendered":"<p>La compa\u00f1\u00eda nacional de ferrocarriles francesa SNCF dijo que hubo afectaciones en las l\u00edneas de alta velocidad Atl\u00e1ntica, Norte y Este. Paris, Francia a 26 de Julio del 2024.- La compa\u00f1\u00eda nacional de ferrocarriles francesa SNCF fue v\u00edctima este viernes de un &#8220;ataque masivo&#8221;, que incluy\u00f3 incendios provocados, para &#8220;paralizar&#8221; su red de trenes de [&hellip;]<\/p>\n","protected":false},"author":1,"featured_media":6901,"comment_status":"open","ping_status":"open","sticky":false,"template":"","format":"standard","meta":{"footnotes":""},"categories":[30,39],"tags":[],"class_list":["post-6900","post","type-post","status-publish","format-standard","has-post-thumbnail","hentry","category-internacional","category-politica"],"_links":{"self":[{"href":"https:\/\/elreporterodelacomunidad.com\/index.php\/wp-json\/wp\/v2\/posts\/6900","targetHints":{"allow":["GET"]}}],"collection":[{"href":"https:\/\/elreporterodelacomunidad.com\/index.php\/wp-json\/wp\/v2\/posts"}],"about":[{"href":"https:\/\/elreporterodelacomunidad.com\/index.php\/wp-json\/wp\/v2\/types\/post"}],"author":[{"embeddable":true,"href":"https:\/\/elreporterodelacomunidad.com\/index.php\/wp-json\/wp\/v2\/users\/1"}],"replies":[{"embeddable":true,"href":"https:\/\/elreporterodelacomunidad.com\/index.php\/wp-json\/wp\/v2\/comments?post=6900"}],"version-history":[{"count":1,"href":"https:\/\/elreporterodelacomunidad.com\/index.php\/wp-json\/wp\/v2\/posts\/6900\/revisions"}],"predecessor-version":[{"id":6902,"href":"https:\/\/elreporterodelacomunidad.com\/index.php\/wp-json\/wp\/v2\/posts\/6900\/revisions\/6902"}],"wp:featuredmedia":[{"embeddable":true,"href":"https:\/\/elreporterodelacomunidad.com\/index.php\/wp-json\/wp\/v2\/media\/6901"}],"wp:attachment":[{"href":"https:\/\/elreporterodelacomunidad.com\/index.php\/wp-json\/wp\/v2\/media?parent=6900"}],"wp:term":[{"taxonomy":"category","embeddable":true,"href":"https:\/\/elreporterodelacomunidad.com\/index.php\/wp-json\/wp\/v2\/categories?post=6900"},{"taxonomy":"post_tag","embeddable":true,"href":"https:\/\/elreporterodelacomunidad.com\/index.php\/wp-json\/wp\/v2\/tags?post=6900"}],"curies":[{"name":"wp","href":"https:\/\/api.w.org\/{rel}","templated":true}]}}