{"id":6887,"date":"2024-07-26T17:35:23","date_gmt":"2024-07-27T00:35:23","guid":{"rendered":"https:\/\/elreporterodelacomunidad.com\/?p=6887"},"modified":"2024-07-26T17:35:24","modified_gmt":"2024-07-27T00:35:24","slug":"aseguran-en-san-luis-rio-colorado-16-maquinas-tragamonedas","status":"publish","type":"post","link":"https:\/\/elreporterodelacomunidad.com\/index.php\/2024\/07\/26\/aseguran-en-san-luis-rio-colorado-16-maquinas-tragamonedas\/","title":{"rendered":"Aseguran en San Luis R\u00edo Colorado 16 m\u00e1quinas \u201ctragamonedas\u201d."},"content":{"rendered":"\n<p><strong>San Luis R\u00edo Colorado, Sonora, 26 de julio de 2024.-<\/strong>&nbsp;En acciones de combate y prevenci\u00f3n del delito en San Luis R\u00edo Colorado, la Fiscal\u00eda General de Justicia del Estado de Sonora (FGJES), con elementos de la Agencia Ministerial de Investigaci\u00f3n Criminal (AMIC) y en coordinaci\u00f3n con la Secretar\u00eda de Marina Armada de M\u00e9xico (SEMAR), asegur\u00f3 m\u00e1quinas \u201ctragamonedas\u201d y detuvo a una persona en una diligencia de cateo.<\/p>\n\n\n\n<p>Con base en un mandato judicial y derivado de actos de investigaci\u00f3n, a las 11:25 horas del pasado 25 de julio se realiz\u00f3 un cateo en un inmueble ubicado en la avenida Samuel Oca\u00f1a, en la colonia Chula Vista; en el sitio se lograron ubicar 16 m\u00e1quinas electr\u00f3nicas de juegos de azar que operaban de manera ilegal.<\/p>\n\n\n\n<p>Adem\u00e1s, se aseguraron cinco equipos de c\u00f3mputo y qued\u00f3 detenida Noelia Julieta \u201cN\u201d, de 48 a\u00f1os. Tanto ella como los indicios mencionados fueron puestos a disposici\u00f3n de un agente del Ministerio P\u00fablico de la Federaci\u00f3n con base en San Luis R\u00edo Colorado para las investigaciones correspondientes.<\/p>\n\n\n\n<p>La Fiscal\u00eda General de Justicia del Estado de Sonora (FGJES) mantiene una estrecha coordinaci\u00f3n con instituciones de los tres \u00f3rdenes de gobierno para llevar a cabo acciones dirigidas a garantizar seguridad y justicia a la poblaci\u00f3n sonorense.<\/p>\n","protected":false},"excerpt":{"rendered":"<p>San Luis R\u00edo Colorado, Sonora, 26 de julio de 2024.-&nbsp;En acciones de combate y prevenci\u00f3n del delito en San Luis R\u00edo Colorado, la Fiscal\u00eda General de Justicia del Estado de Sonora (FGJES), con elementos de la Agencia Ministerial de Investigaci\u00f3n Criminal (AMIC) y en coordinaci\u00f3n con la Secretar\u00eda de Marina Armada de M\u00e9xico (SEMAR), asegur\u00f3 [&hellip;]<\/p>\n","protected":false},"author":1,"featured_media":6888,"comment_status":"open","ping_status":"open","sticky":false,"template":"","format":"standard","meta":{"footnotes":""},"categories":[34,32,39],"tags":[],"class_list":["post-6887","post","type-post","status-publish","format-standard","has-post-thumbnail","hentry","category-general","category-policiaca","category-politica"],"_links":{"self":[{"href":"https:\/\/elreporterodelacomunidad.com\/index.php\/wp-json\/wp\/v2\/posts\/6887","targetHints":{"allow":["GET"]}}],"collection":[{"href":"https:\/\/elreporterodelacomunidad.com\/index.php\/wp-json\/wp\/v2\/posts"}],"about":[{"href":"https:\/\/elreporterodelacomunidad.com\/index.php\/wp-json\/wp\/v2\/types\/post"}],"author":[{"embeddable":true,"href":"https:\/\/elreporterodelacomunidad.com\/index.php\/wp-json\/wp\/v2\/users\/1"}],"replies":[{"embeddable":true,"href":"https:\/\/elreporterodelacomunidad.com\/index.php\/wp-json\/wp\/v2\/comments?post=6887"}],"version-history":[{"count":1,"href":"https:\/\/elreporterodelacomunidad.com\/index.php\/wp-json\/wp\/v2\/posts\/6887\/revisions"}],"predecessor-version":[{"id":6889,"href":"https:\/\/elreporterodelacomunidad.com\/index.php\/wp-json\/wp\/v2\/posts\/6887\/revisions\/6889"}],"wp:featuredmedia":[{"embeddable":true,"href":"https:\/\/elreporterodelacomunidad.com\/index.php\/wp-json\/wp\/v2\/media\/6888"}],"wp:attachment":[{"href":"https:\/\/elreporterodelacomunidad.com\/index.php\/wp-json\/wp\/v2\/media?parent=6887"}],"wp:term":[{"taxonomy":"category","embeddable":true,"href":"https:\/\/elreporterodelacomunidad.com\/index.php\/wp-json\/wp\/v2\/categories?post=6887"},{"taxonomy":"post_tag","embeddable":true,"href":"https:\/\/elreporterodelacomunidad.com\/index.php\/wp-json\/wp\/v2\/tags?post=6887"}],"curies":[{"name":"wp","href":"https:\/\/api.w.org\/{rel}","templated":true}]}}