{"id":6884,"date":"2024-07-26T17:32:41","date_gmt":"2024-07-27T00:32:41","guid":{"rendered":"https:\/\/elreporterodelacomunidad.com\/?p=6884"},"modified":"2024-07-26T17:32:43","modified_gmt":"2024-07-27T00:32:43","slug":"avanza-regularizacion-de-desarrollos-campestres-en-hermosillo","status":"publish","type":"post","link":"https:\/\/elreporterodelacomunidad.com\/index.php\/2024\/07\/26\/avanza-regularizacion-de-desarrollos-campestres-en-hermosillo\/","title":{"rendered":"Avanza regularizaci\u00f3n de desarrollos campestres en Hermosillo."},"content":{"rendered":"\n<p>Procura certeza jur\u00eddica a quienes adquieren terrenos en esos lugares.<\/p>\n\n\n\n<p><\/p>\n\n\n\n<p>Hermosillo, Sonora; 26 de julio, 2024.- De los 66 desarrollos campestres que se acogieron al programa de regularizaci\u00f3n emprendido por el Gobierno Municipal de Hermosillo en mayo de 2022, en dos de ellos ya se lleg\u00f3 a la fase de autorizarles un acuerdo de procedencia de regularizaci\u00f3n, inform\u00f3 Alejandro Garc\u00eda Rosas.<\/p>\n\n\n\n<p>El procurador municipal urbano del Ayuntamiento de Hermosillo abund\u00f3 sobre la reciente aprobaci\u00f3n por parte del Cabildo de Hermosillo relacionado con este tipo de inmuebles en la localidad y que se traduce en que 500 familias est\u00e1n cada vez m\u00e1s cerca de poder titular los terrenos que adquirieron.<\/p>\n\n\n\n<p>\u201cNo es la etapa definitiva, todav\u00eda faltan otros temas de \u00edndole administrativo, no tienen tanto que ver con lo t\u00e9cnico o lo legal, que son los dos pilares fundamentales de este programa porque esto es algo que como servidores p\u00fablicos debemos cuidar\u201d, explic\u00f3.<\/p>\n\n\n\n<p>Revel\u00f3 que a los dos desarrollos campestres que se beneficiaron con el acuerdo de procedencia de regularizaci\u00f3n les restan tr\u00e1mites ante dependencias municipales como la Licencia de Uso de Suelo, la autorizaci\u00f3n de los planos, la constituci\u00f3n del r\u00e9gimen de condominio y como punto final la autorizaci\u00f3n para la venta de los lotes.<\/p>\n\n\n\n<p>Adelant\u00f3 que en futuras sesiones de Cabildo se presentar\u00e1n los casos de otros desarrollos de terrenos que tambi\u00e9n han avanzado en su proceso de regularizaci\u00f3n.<\/p>\n\n\n\n<p>El funcionario municipal reiter\u00f3 el llamado a la ciudadan\u00eda que tenga inter\u00e9s en adquirir un bien de estas caracter\u00edsticas a que se informe de la situaci\u00f3n de los potenciales vendedores y los predios involucrados, sobre temas tan importantes como si son de propiedad privada o ejidal.<\/p>\n\n\n\n<p>Recomend\u00f3 visitar el sitio oficial del Ayuntamiento www.hermosillo.gob.mx &nbsp;y dar click al banner que conduce al listado de fraccionamientos campestres que ya fueron regularizados con antelaci\u00f3n, o en su caso los que &nbsp;se encuentran dentro del programa de regularizaci\u00f3n en proceso.<\/p>\n","protected":false},"excerpt":{"rendered":"<p>Procura certeza jur\u00eddica a quienes adquieren terrenos en esos lugares. Hermosillo, Sonora; 26 de julio, 2024.- De los 66 desarrollos campestres que se acogieron al programa de regularizaci\u00f3n emprendido por el Gobierno Municipal de Hermosillo en mayo de 2022, en dos de ellos ya se lleg\u00f3 a la fase de autorizarles un acuerdo de procedencia [&hellip;]<\/p>\n","protected":false},"author":1,"featured_media":6885,"comment_status":"open","ping_status":"open","sticky":false,"template":"","format":"standard","meta":{"footnotes":""},"categories":[35,34,39],"tags":[],"class_list":["post-6884","post","type-post","status-publish","format-standard","has-post-thumbnail","hentry","category-finanzas","category-general","category-politica"],"_links":{"self":[{"href":"https:\/\/elreporterodelacomunidad.com\/index.php\/wp-json\/wp\/v2\/posts\/6884","targetHints":{"allow":["GET"]}}],"collection":[{"href":"https:\/\/elreporterodelacomunidad.com\/index.php\/wp-json\/wp\/v2\/posts"}],"about":[{"href":"https:\/\/elreporterodelacomunidad.com\/index.php\/wp-json\/wp\/v2\/types\/post"}],"author":[{"embeddable":true,"href":"https:\/\/elreporterodelacomunidad.com\/index.php\/wp-json\/wp\/v2\/users\/1"}],"replies":[{"embeddable":true,"href":"https:\/\/elreporterodelacomunidad.com\/index.php\/wp-json\/wp\/v2\/comments?post=6884"}],"version-history":[{"count":1,"href":"https:\/\/elreporterodelacomunidad.com\/index.php\/wp-json\/wp\/v2\/posts\/6884\/revisions"}],"predecessor-version":[{"id":6886,"href":"https:\/\/elreporterodelacomunidad.com\/index.php\/wp-json\/wp\/v2\/posts\/6884\/revisions\/6886"}],"wp:featuredmedia":[{"embeddable":true,"href":"https:\/\/elreporterodelacomunidad.com\/index.php\/wp-json\/wp\/v2\/media\/6885"}],"wp:attachment":[{"href":"https:\/\/elreporterodelacomunidad.com\/index.php\/wp-json\/wp\/v2\/media?parent=6884"}],"wp:term":[{"taxonomy":"category","embeddable":true,"href":"https:\/\/elreporterodelacomunidad.com\/index.php\/wp-json\/wp\/v2\/categories?post=6884"},{"taxonomy":"post_tag","embeddable":true,"href":"https:\/\/elreporterodelacomunidad.com\/index.php\/wp-json\/wp\/v2\/tags?post=6884"}],"curies":[{"name":"wp","href":"https:\/\/api.w.org\/{rel}","templated":true}]}}