{"id":6881,"date":"2024-07-26T17:29:37","date_gmt":"2024-07-27T00:29:37","guid":{"rendered":"https:\/\/elreporterodelacomunidad.com\/?p=6881"},"modified":"2024-07-26T17:29:39","modified_gmt":"2024-07-27T00:29:39","slug":"ultimos-dias-para-aprovechar-el-15-de-descuento-en-pago-de-predial-de-lotes-baldios-en-hermosillo","status":"publish","type":"post","link":"https:\/\/elreporterodelacomunidad.com\/index.php\/2024\/07\/26\/ultimos-dias-para-aprovechar-el-15-de-descuento-en-pago-de-predial-de-lotes-baldios-en-hermosillo\/","title":{"rendered":"\u00daltimos d\u00edas para aprovechar el 15 % de descuento en pago de predial de lotes bald\u00edos en Hermosillo."},"content":{"rendered":"\n<p>La promoci\u00f3n del Gobierno Municipal termina el 31 de julio.<\/p>\n\n\n\n<p>Hermosillo, Sonora; 26 de julio, 2024.- Las y los propietarios de lotes bald\u00edos a\u00fan pueden aprovechar la promoci\u00f3n del 15% de descuento sobre el monto base del impuesto predial, inform\u00f3 Yazmina Anaya Camargo.<\/p>\n\n\n\n<p>La Directora de Ingresos de Tesorer\u00eda Municipal llam\u00f3 a los contribuyentes que tienen adeudos del 2024 y anteriores para ponerse al corriente de este programa que inici\u00f3 el pasado 15 de junio.<\/p>\n\n\n\n<p>Record\u00f3 que el predio bald\u00edo no cuenta con un subsidio como lo tiene la casa habitaci\u00f3n, por eso se busca ayudar retomando el 15% de descuento que se ofrece normalmente en enero de cada a\u00f1o y, adicionalmente, las y los contribuyentes interesados en ponerse al corriente, podr\u00e1n obtener el 100% de descuento en recargo y multa de dichos predios.<\/p>\n\n\n\n<p>En la administraci\u00f3n del Presidente Municipal Antonio Astiazar\u00e1n siempre se buscan esquemas y mecanismos que incentiven a ponerse al corriente a contribuyentes por alguna raz\u00f3n se van quedando rezagados en sus contribuciones municipales y este se enfoca espec\u00edficamente en due\u00f1as y due\u00f1os de terrenos bald\u00edos.<\/p>\n\n\n\n<p>En Hermosillo existen alrededor de 24 mil predios en esta condici\u00f3n cuyos propietarios podr\u00e1n beneficiarse de los descuentos de este programa, agreg\u00f3.<\/p>\n","protected":false},"excerpt":{"rendered":"<p>La promoci\u00f3n del Gobierno Municipal termina el 31 de julio. Hermosillo, Sonora; 26 de julio, 2024.- Las y los propietarios de lotes bald\u00edos a\u00fan pueden aprovechar la promoci\u00f3n del 15% de descuento sobre el monto base del impuesto predial, inform\u00f3 Yazmina Anaya Camargo. La Directora de Ingresos de Tesorer\u00eda Municipal llam\u00f3 a los contribuyentes que [&hellip;]<\/p>\n","protected":false},"author":1,"featured_media":6882,"comment_status":"open","ping_status":"open","sticky":false,"template":"","format":"standard","meta":{"footnotes":""},"categories":[35,34,39],"tags":[],"class_list":["post-6881","post","type-post","status-publish","format-standard","has-post-thumbnail","hentry","category-finanzas","category-general","category-politica"],"_links":{"self":[{"href":"https:\/\/elreporterodelacomunidad.com\/index.php\/wp-json\/wp\/v2\/posts\/6881","targetHints":{"allow":["GET"]}}],"collection":[{"href":"https:\/\/elreporterodelacomunidad.com\/index.php\/wp-json\/wp\/v2\/posts"}],"about":[{"href":"https:\/\/elreporterodelacomunidad.com\/index.php\/wp-json\/wp\/v2\/types\/post"}],"author":[{"embeddable":true,"href":"https:\/\/elreporterodelacomunidad.com\/index.php\/wp-json\/wp\/v2\/users\/1"}],"replies":[{"embeddable":true,"href":"https:\/\/elreporterodelacomunidad.com\/index.php\/wp-json\/wp\/v2\/comments?post=6881"}],"version-history":[{"count":1,"href":"https:\/\/elreporterodelacomunidad.com\/index.php\/wp-json\/wp\/v2\/posts\/6881\/revisions"}],"predecessor-version":[{"id":6883,"href":"https:\/\/elreporterodelacomunidad.com\/index.php\/wp-json\/wp\/v2\/posts\/6881\/revisions\/6883"}],"wp:featuredmedia":[{"embeddable":true,"href":"https:\/\/elreporterodelacomunidad.com\/index.php\/wp-json\/wp\/v2\/media\/6882"}],"wp:attachment":[{"href":"https:\/\/elreporterodelacomunidad.com\/index.php\/wp-json\/wp\/v2\/media?parent=6881"}],"wp:term":[{"taxonomy":"category","embeddable":true,"href":"https:\/\/elreporterodelacomunidad.com\/index.php\/wp-json\/wp\/v2\/categories?post=6881"},{"taxonomy":"post_tag","embeddable":true,"href":"https:\/\/elreporterodelacomunidad.com\/index.php\/wp-json\/wp\/v2\/tags?post=6881"}],"curies":[{"name":"wp","href":"https:\/\/api.w.org\/{rel}","templated":true}]}}