{"id":6840,"date":"2024-07-25T15:23:22","date_gmt":"2024-07-25T22:23:22","guid":{"rendered":"https:\/\/elreporterodelacomunidad.com\/?p=6840"},"modified":"2024-07-25T15:23:24","modified_gmt":"2024-07-25T22:23:24","slug":"detiene-la-pesp-a-cuatro-presuntos-narcomenudistas-en-hermosillo","status":"publish","type":"post","link":"https:\/\/elreporterodelacomunidad.com\/index.php\/2024\/07\/25\/detiene-la-pesp-a-cuatro-presuntos-narcomenudistas-en-hermosillo\/","title":{"rendered":"Detiene la PESP a cuatro presuntos narcomenudistas en Hermosillo\u00a0"},"content":{"rendered":"\n<p><\/p>\n\n\n\n<p>Hermosillo, Sonora; 25 de julio de 2024.- Dentro de los trabajos preventivos que realiza la Polic\u00eda Estatal de Seguridad P\u00fablica (PESP), en los diferentes municipios del estado de Sonora, se logr\u00f3 la detenci\u00f3n de cuatro personas en Hermosillo.<\/p>\n\n\n\n<p>En la colonia el Coloso Bajo se logr\u00f3 aprehender a Oswaldo &#8220;N&#8221; a quien, al realizarle una inspecci\u00f3n, se le encontr\u00f3 entre su ropa, 24 envoltorios con sustancia similar al narc\u00f3tico.<\/p>\n\n\n\n<p>Oswaldo \u201cN\u201d cuenta con antecedentes penales y cuatro ingresos al Centro de Readaptaci\u00f3n Social (Cereso) por robo agravado, delitos contra la salud y portaci\u00f3n de arma prohibida.<\/p>\n\n\n\n<p>En otro hecho, al realizar recorridos de vigilancia por la colonia Palo Verde, elementos de la PESP observaron a una persona con actitud sospechosa. Al entrevistarse con Jonny &#8220;N&#8221; descubrieron entre sus pertenencias cinco envoltorios con sustancia similar al narc\u00f3tico, adem\u00e1s de un arma prohibida de las llamadas \u201cpuntas\u201d.<\/p>\n\n\n\n<p>El tercer detenido fue Juan &#8220;N&#8221; quien fue asegurado por posesi\u00f3n de 19 envoltorios con sustancia similar al narc\u00f3tico en la Colonia Emiliano Zapata.<\/p>\n\n\n\n<p>Mientras que, en patrullajes en la zona rural de San Pedro el Saucito, agentes estatales detuvieron a Alfonso \u201cN\u201d a quien le encontraron tres envoltorios con sustancia similar al narc\u00f3tico.&nbsp;<\/p>\n\n\n\n<p>Cabe se\u00f1alar que el detenido cuenta con antecedentes penales previos por violencia familiar y da\u00f1os, quedando remitido a la autoridad correspondiente.<\/p>\n\n\n\n<p>Los detenidos se presumen inocentes mientras no se declare su responsabilidad mediante sentencia emitida por el \u00f3rgano jurisdiccional. (Art. 13 del CNPP).<\/p>\n","protected":false},"excerpt":{"rendered":"<p>Hermosillo, Sonora; 25 de julio de 2024.- Dentro de los trabajos preventivos que realiza la Polic\u00eda Estatal de Seguridad P\u00fablica (PESP), en los diferentes municipios del estado de Sonora, se logr\u00f3 la detenci\u00f3n de cuatro personas en Hermosillo. En la colonia el Coloso Bajo se logr\u00f3 aprehender a Oswaldo &#8220;N&#8221; a quien, al realizarle una [&hellip;]<\/p>\n","protected":false},"author":1,"featured_media":6841,"comment_status":"open","ping_status":"open","sticky":false,"template":"","format":"standard","meta":{"footnotes":""},"categories":[32,39],"tags":[],"class_list":["post-6840","post","type-post","status-publish","format-standard","has-post-thumbnail","hentry","category-policiaca","category-politica"],"_links":{"self":[{"href":"https:\/\/elreporterodelacomunidad.com\/index.php\/wp-json\/wp\/v2\/posts\/6840","targetHints":{"allow":["GET"]}}],"collection":[{"href":"https:\/\/elreporterodelacomunidad.com\/index.php\/wp-json\/wp\/v2\/posts"}],"about":[{"href":"https:\/\/elreporterodelacomunidad.com\/index.php\/wp-json\/wp\/v2\/types\/post"}],"author":[{"embeddable":true,"href":"https:\/\/elreporterodelacomunidad.com\/index.php\/wp-json\/wp\/v2\/users\/1"}],"replies":[{"embeddable":true,"href":"https:\/\/elreporterodelacomunidad.com\/index.php\/wp-json\/wp\/v2\/comments?post=6840"}],"version-history":[{"count":1,"href":"https:\/\/elreporterodelacomunidad.com\/index.php\/wp-json\/wp\/v2\/posts\/6840\/revisions"}],"predecessor-version":[{"id":6842,"href":"https:\/\/elreporterodelacomunidad.com\/index.php\/wp-json\/wp\/v2\/posts\/6840\/revisions\/6842"}],"wp:featuredmedia":[{"embeddable":true,"href":"https:\/\/elreporterodelacomunidad.com\/index.php\/wp-json\/wp\/v2\/media\/6841"}],"wp:attachment":[{"href":"https:\/\/elreporterodelacomunidad.com\/index.php\/wp-json\/wp\/v2\/media?parent=6840"}],"wp:term":[{"taxonomy":"category","embeddable":true,"href":"https:\/\/elreporterodelacomunidad.com\/index.php\/wp-json\/wp\/v2\/categories?post=6840"},{"taxonomy":"post_tag","embeddable":true,"href":"https:\/\/elreporterodelacomunidad.com\/index.php\/wp-json\/wp\/v2\/tags?post=6840"}],"curies":[{"name":"wp","href":"https:\/\/api.w.org\/{rel}","templated":true}]}}